{"id":110328,"date":"2023-07-24T06:40:52","date_gmt":"2023-07-24T05:40:52","guid":{"rendered":"https:\/\/rna.ao\/rna.ao\/?p=110328"},"modified":"2023-07-24T06:40:52","modified_gmt":"2023-07-24T05:40:52","slug":"caf-inclui-petro-de-luanda-nas-preliminares-da-liga-dos-clubes-campeoes","status":"publish","type":"post","link":"https:\/\/rna.ao\/rna.ao\/2023\/07\/24\/caf-inclui-petro-de-luanda-nas-preliminares-da-liga-dos-clubes-campeoes\/","title":{"rendered":"CAF inclui Petro de Luanda nas preliminares da liga dos clubes campe\u00f5es"},"content":{"rendered":"<p style=\"font-weight: 400;\"><img loading=\"lazy\" class=\" wp-image-110332 aligncenter\" src=\"https:\/\/rna.ao\/rna.ao\/wp-content\/uploads\/2023\/07\/Petro-de-Luanda.jpg\" alt=\"\" width=\"826\" height=\"609\" \/>A Confedera\u00e7\u00e3o Africana de Futebol confirma o Petro de Luanda nas preliminares da Liga dos Clubes Campe\u00f5es de \u00c1frica.<\/p>\n<p style=\"font-weight: 400;\">Contrariamente ao que estava previsto, a CAF decidiu incluir as equipas da Liga Africana nas preliminares, que antecedem a \u00faltima eliminat\u00f3ria de acesso \u00e0 fase de grupos.<\/p>\n<p style=\"font-weight: 400;\">A cerim\u00f3nia de sorteio da Liga dos Campe\u00f5es e da Ta\u00e7a da Confedera\u00e7\u00e3o est\u00e1 marcada para ter\u00e7a-feira, 25 de Julho, \u00e0s 12 horas, na Cidade do Cairo, Egipto.<\/p>\n<p style=\"font-weight: 400;\">Por outro lado, Vanilson e Edye Afonso voltam a facturar nos tricolores. O lateral direito e o extremo ofensivo marcaram na goleada, de s\u00e1bado (22\/07), sobre o Lusitano de Moncara-Pachense da 3\u00aa divis\u00e3o portuguesa, por 4-1.<\/p>\n<p style=\"font-weight: 400;\">Gilberto e Tchutchu tamb\u00e9m faturaram, neste que foi o segundo particular do bi-campe\u00e3o nacional, no est\u00e1dio em Portugal.<\/p>\n<p style=\"font-weight: 400;\">No primeiro teste, na Regi\u00e3o do Algarve, Edy Afonso e Vanilson, por duas vezes, marcaram os golos na vit\u00f3ria sobre o Portimonense, por 3-2.<\/p>\n","protected":false},"excerpt":{"rendered":"<p>A Confedera\u00e7\u00e3o Africana de Futebol confirma o Petro de Luanda nas preliminares da Liga dos Clubes Campe\u00f5es de \u00c1frica. Contrariamente ao que estava previsto, a CAF decidiu incluir as equipas da Liga Africana nas preliminares, que antecedem a \u00faltima eliminat\u00f3ria de acesso \u00e0 fase de grupos. A cerim\u00f3nia de sorteio ...<\/p>\n","protected":false},"author":8,"featured_media":110333,"comment_status":"closed","ping_status":"closed","sticky":false,"template":"","format":"standard","meta":[],"categories":[145,125,164],"tags":[],"_links":{"self":[{"href":"https:\/\/rna.ao\/rna.ao\/wp-json\/wp\/v2\/posts\/110328"}],"collection":[{"href":"https:\/\/rna.ao\/rna.ao\/wp-json\/wp\/v2\/posts"}],"about":[{"href":"https:\/\/rna.ao\/rna.ao\/wp-json\/wp\/v2\/types\/post"}],"author":[{"embeddable":true,"href":"https:\/\/rna.ao\/rna.ao\/wp-json\/wp\/v2\/users\/8"}],"replies":[{"embeddable":true,"href":"https:\/\/rna.ao\/rna.ao\/wp-json\/wp\/v2\/comments?post=110328"}],"version-history":[{"count":1,"href":"https:\/\/rna.ao\/rna.ao\/wp-json\/wp\/v2\/posts\/110328\/revisions"}],"predecessor-version":[{"id":110334,"href":"https:\/\/rna.ao\/rna.ao\/wp-json\/wp\/v2\/posts\/110328\/revisions\/110334"}],"wp:featuredmedia":[{"embeddable":true,"href":"https:\/\/rna.ao\/rna.ao\/wp-json\/wp\/v2\/media\/110333"}],"wp:attachment":[{"href":"https:\/\/rna.ao\/rna.ao\/wp-json\/wp\/v2\/media?parent=110328"}],"wp:term":[{"taxonomy":"category","embeddable":true,"href":"https:\/\/rna.ao\/rna.ao\/wp-json\/wp\/v2\/categories?post=110328"},{"taxonomy":"post_tag","embeddable":true,"href":"https:\/\/rna.ao\/rna.ao\/wp-json\/wp\/v2\/tags?post=110328"}],"curies":[{"name":"wp","href":"https:\/\/api.w.org\/{rel}","templated":true}]}}