{"id":110315,"date":"2023-07-24T06:49:15","date_gmt":"2023-07-24T05:49:15","guid":{"rendered":"https:\/\/rna.ao\/rna.ao\/?p=110315"},"modified":"2023-07-24T19:38:08","modified_gmt":"2023-07-24T18:38:08","slug":"ouca-no-radio-jornal-grande-reportagem-sobre-a-importancia-das-zonas-economicas-em-angola","status":"publish","type":"post","link":"https:\/\/rna.ao\/rna.ao\/2023\/07\/24\/ouca-no-radio-jornal-grande-reportagem-sobre-a-importancia-das-zonas-economicas-em-angola\/","title":{"rendered":"Ou\u00e7a no R\u00e1dio Jornal: Grande reportagem sobre a import\u00e2ncia das Zonas Econ\u00f3micas em Angola"},"content":{"rendered":"<p><img loading=\"lazy\" class=\" wp-image-53636 aligncenter\" src=\"https:\/\/rna.ao\/rna.ao\/wp-content\/uploads\/2022\/02\/Radio-microfone.jpg\" alt=\"\" width=\"582\" height=\"388\" \/><\/p>\n\t<div class=\"qtmplayer-playlist-large\">\n\t\t<ul class=\"qtmplayer-playlist\">\n\t\t\t\n\t\t\t\t\t<li class=\"qtmplayer-trackitem\">\n\t\t<img src=\"https:\/\/rna.ao\/rna.ao\/wp-content\/uploads\/2022\/02\/Radio-microfone-100x100.jpg\" alt=\"cover\">\t\t<span \t\t\tdata-qtmplayer-cover=\"https:\/\/rna.ao\/rna.ao\/wp-content\/uploads\/2022\/02\/Radio-microfone.jpg\"\n\t\t\t\t\t\tdata-qtmplayer-file=\"https:\/\/rna.ao\/rna.ao\/wp-content\/uploads\/2023\/07\/AP-GRANDE-REPORTAGEM-RADIO-JORNAL-24-07-2023.mp3\"\n\t\t\t\t\t\tdata-qtmplayer-title=\"Ou\u00e7a no R\u00e1dio Jornal: Grande reportagem sobre a import\u00e2ncia das Zonas Econ\u00f3micas em Angola\"\n\t\t\t\t\t\tdata-qtmplayer-artist=\"RNA\"\n\t\t\t\t\t\tdata-qtmplayer-link=\"https:\/\/rna.ao\/rna.ao\/2023\/07\/24\/ouca-no-radio-jornal-grande-reportagem-sobre-a-importancia-das-zonas-economicas-em-angola\/\"\n\t\t\t\t\t\tdata-qtmplayer-icon=\"file_download\"\n\t\t\t\t\t\tdata-qtmplayer-type=\"track\"\n\t\t\t class=\"qtmplayer-play qtmplayer-link-sec qtmplayer-play-btn\"><i class='material-icons'>play_arrow<\/i><\/span>\n\t\t<p>\n\t\t\t<span class=\"qtmplayer-tit\">Ou\u00e7a no R\u00e1dio Jornal: Grande reportagem sobre a import\u00e2ncia das Zonas Econ\u00f3micas em Angola<\/span>\n\t\t\t<span class=\"qtmplayer-art\">RNA<\/span>\n\t\t<\/p>\n\t<\/li>\n\t\t<\/ul>\n\t<\/div>\t\t\t\n\t\n","protected":false},"excerpt":{"rendered":"","protected":false},"author":8,"featured_media":53636,"comment_status":"closed","ping_status":"closed","sticky":false,"template":"","format":"standard","meta":[],"categories":[121],"tags":[],"_links":{"self":[{"href":"https:\/\/rna.ao\/rna.ao\/wp-json\/wp\/v2\/posts\/110315"}],"collection":[{"href":"https:\/\/rna.ao\/rna.ao\/wp-json\/wp\/v2\/posts"}],"about":[{"href":"https:\/\/rna.ao\/rna.ao\/wp-json\/wp\/v2\/types\/post"}],"author":[{"embeddable":true,"href":"https:\/\/rna.ao\/rna.ao\/wp-json\/wp\/v2\/users\/8"}],"replies":[{"embeddable":true,"href":"https:\/\/rna.ao\/rna.ao\/wp-json\/wp\/v2\/comments?post=110315"}],"version-history":[{"count":1,"href":"https:\/\/rna.ao\/rna.ao\/wp-json\/wp\/v2\/posts\/110315\/revisions"}],"predecessor-version":[{"id":110317,"href":"https:\/\/rna.ao\/rna.ao\/wp-json\/wp\/v2\/posts\/110315\/revisions\/110317"}],"wp:featuredmedia":[{"embeddable":true,"href":"https:\/\/rna.ao\/rna.ao\/wp-json\/wp\/v2\/media\/53636"}],"wp:attachment":[{"href":"https:\/\/rna.ao\/rna.ao\/wp-json\/wp\/v2\/media?parent=110315"}],"wp:term":[{"taxonomy":"category","embeddable":true,"href":"https:\/\/rna.ao\/rna.ao\/wp-json\/wp\/v2\/categories?post=110315"},{"taxonomy":"post_tag","embeddable":true,"href":"https:\/\/rna.ao\/rna.ao\/wp-json\/wp\/v2\/tags?post=110315"}],"curies":[{"name":"wp","href":"https:\/\/api.w.org\/{rel}","templated":true}]}}