{"id":10435,"date":"2020-11-03T02:07:53","date_gmt":"2020-11-03T01:07:53","guid":{"rendered":"https:\/\/rna.ao\/rna.ao\/?p=10435"},"modified":"2020-11-03T09:03:55","modified_gmt":"2020-11-03T08:03:55","slug":"cafeicultores-no-uige-preocupados-com-insectos-que-estao-a-dizimar-o-cultivo","status":"publish","type":"post","link":"https:\/\/rna.ao\/rna.ao\/2020\/11\/03\/cafeicultores-no-uige-preocupados-com-insectos-que-estao-a-dizimar-o-cultivo\/","title":{"rendered":"Cafeicultores no U\u00edge preocupados com praga de insectos que est\u00e3o a dizimar o cultivo"},"content":{"rendered":"<p><img loading=\"lazy\" class=\"size-full wp-image-10437 alignleft\" src=\"https:\/\/rna.ao\/rna.ao\/wp-content\/uploads\/2020\/11\/cultivo-de-cafe.jpg\" alt=\"\" width=\"302\" height=\"207\" \/>Os cafeicultores do Munic\u00edpio do Negage, na Prov\u00edncia do U\u00edge est\u00e3o desesperados devido as culturas de caf\u00e9, que est\u00e3o a ser dizimadas por insectos.<\/p>\n<p>O desespero \u00e9 tanto, que os homens que cultivam o &#8220;bago vermelho&#8221; pedem a interven\u00e7\u00e3o das autoridades competentes, no sentido de disponibilizar inseticidas para pulverizar as planta\u00e7\u00f5es. Clique no \u00e1udio, em baixo, e ou\u00e7a com mis detalhes na reportagem:<\/p>\n\t<div class=\"qtmplayer-playlist-large\">\n\t\t<ul class=\"qtmplayer-playlist\">\n\t\t\t\n\t\t\t\t\t<li class=\"qtmplayer-trackitem\">\n\t\t<img src=\"https:\/\/rna.ao\/rna.ao\/wp-content\/uploads\/2020\/11\/cultivo-de-cafe-100x100.jpg\" alt=\"cover\">\t\t<span \t\t\tdata-qtmplayer-cover=\"https:\/\/rna.ao\/rna.ao\/wp-content\/uploads\/2020\/11\/cultivo-de-cafe.jpg\"\n\t\t\t\t\t\tdata-qtmplayer-file=\"https:\/\/rna.ao\/rna.ao\/wp-content\/uploads\/2020\/11\/JOAQUIM-ALFREDO.mp3\"\n\t\t\t\t\t\tdata-qtmplayer-title=\"Cafeicultores no U\u00edge preocupados com praga de insectos que est\u00e3o a dizimar o cultivo\"\n\t\t\t\t\t\tdata-qtmplayer-artist=\"RNA\"\n\t\t\t\t\t\tdata-qtmplayer-link=\"https:\/\/rna.ao\/rna.ao\/2020\/11\/03\/cafeicultores-no-uige-preocupados-com-insectos-que-estao-a-dizimar-o-cultivo\/\"\n\t\t\t\t\t\tdata-qtmplayer-icon=\"file_download\"\n\t\t\t\t\t\tdata-qtmplayer-type=\"track\"\n\t\t\t class=\"qtmplayer-play qtmplayer-link-sec qtmplayer-play-btn\"><i class='material-icons'>play_arrow<\/i><\/span>\n\t\t<p>\n\t\t\t<span class=\"qtmplayer-tit\">Cafeicultores no U\u00edge preocupados com praga de insectos que est\u00e3o a dizimar o cultivo<\/span>\n\t\t\t<span class=\"qtmplayer-art\">RNA<\/span>\n\t\t<\/p>\n\t<\/li>\n\t\t<\/ul>\n\t<\/div>\t\t\t\n\t\n<p>Fonte: RNA &#8211; Jornalista Joaquim Alfredo<\/p>\n","protected":false},"excerpt":{"rendered":"<p>Os cafeicultores do Munic\u00edpio do Negage, na Prov\u00edncia do U\u00edge est\u00e3o desesperados devido as culturas de caf\u00e9, que est\u00e3o a ser dizimadas por insectos. O desespero \u00e9 tanto, que os homens que cultivam o &#8220;bago vermelho&#8221; pedem a interven\u00e7\u00e3o das autoridades competentes, no sentido de disponibilizar inseticidas para pulverizar as ...<\/p>\n","protected":false},"author":8,"featured_media":10437,"comment_status":"closed","ping_status":"closed","sticky":false,"template":"","format":"standard","meta":[],"categories":[142,164],"tags":[],"_links":{"self":[{"href":"https:\/\/rna.ao\/rna.ao\/wp-json\/wp\/v2\/posts\/10435"}],"collection":[{"href":"https:\/\/rna.ao\/rna.ao\/wp-json\/wp\/v2\/posts"}],"about":[{"href":"https:\/\/rna.ao\/rna.ao\/wp-json\/wp\/v2\/types\/post"}],"author":[{"embeddable":true,"href":"https:\/\/rna.ao\/rna.ao\/wp-json\/wp\/v2\/users\/8"}],"replies":[{"embeddable":true,"href":"https:\/\/rna.ao\/rna.ao\/wp-json\/wp\/v2\/comments?post=10435"}],"version-history":[{"count":2,"href":"https:\/\/rna.ao\/rna.ao\/wp-json\/wp\/v2\/posts\/10435\/revisions"}],"predecessor-version":[{"id":10439,"href":"https:\/\/rna.ao\/rna.ao\/wp-json\/wp\/v2\/posts\/10435\/revisions\/10439"}],"wp:featuredmedia":[{"embeddable":true,"href":"https:\/\/rna.ao\/rna.ao\/wp-json\/wp\/v2\/media\/10437"}],"wp:attachment":[{"href":"https:\/\/rna.ao\/rna.ao\/wp-json\/wp\/v2\/media?parent=10435"}],"wp:term":[{"taxonomy":"category","embeddable":true,"href":"https:\/\/rna.ao\/rna.ao\/wp-json\/wp\/v2\/categories?post=10435"},{"taxonomy":"post_tag","embeddable":true,"href":"https:\/\/rna.ao\/rna.ao\/wp-json\/wp\/v2\/tags?post=10435"}],"curies":[{"name":"wp","href":"https:\/\/api.w.org\/{rel}","templated":true}]}}