{"id":10424,"date":"2020-11-03T08:23:12","date_gmt":"2020-11-03T07:23:12","guid":{"rendered":"https:\/\/rna.ao\/rna.ao\/?p=10424"},"modified":"2020-11-03T08:23:12","modified_gmt":"2020-11-03T07:23:12","slug":"on-ne-peut-quencourager-les-reformes-en-cours-en-angola","status":"publish","type":"post","link":"https:\/\/rna.ao\/rna.ao\/2020\/11\/03\/on-ne-peut-quencourager-les-reformes-en-cours-en-angola\/","title":{"rendered":"ON NE PEUT QU\u2019ENCOURAGER LES REFORMES EN COURS EN ANGOLA"},"content":{"rendered":"<p><img loading=\"lazy\" class=\"wp-image-6523 alignleft\" src=\"https:\/\/rna.ao\/rna.ao\/wp-content\/uploads\/2020\/10\/Bandeira-da-Belgica-770x512.jpg\" alt=\"\" width=\"183\" height=\"122\" srcset=\"https:\/\/rna.ao\/rna.ao\/wp-content\/uploads\/2020\/10\/Bandeira-da-Belgica-770x512.jpg 770w, https:\/\/rna.ao\/rna.ao\/wp-content\/uploads\/2020\/10\/Bandeira-da-Belgica-768x510.jpg 768w, https:\/\/rna.ao\/rna.ao\/wp-content\/uploads\/2020\/10\/Bandeira-da-Belgica.jpg 960w\" sizes=\"(max-width: 183px) 100vw, 183px\" \/>Toutes les reformes en cours en Angola sont \u00e0 encourager.<\/p>\n<p>Ces reformes montrent la bonne volont\u00e9 et la bonne vision de la politique du pr\u00e9sident,Joqo Lourenco,a d\u00e9clar\u00e9,le premier secr\u00e9taire \u00e0 l\u2019ambassade de Belgique en Angola,Gilles Oghe.<\/p>\n\t<div class=\"qtmplayer-playlist-large\">\n\t\t<ul class=\"qtmplayer-playlist\">\n\t\t\t\n\t\t\t\t\t<li class=\"qtmplayer-trackitem\">\n\t\t<img src=\"https:\/\/rna.ao\/rna.ao\/wp-content\/uploads\/2020\/10\/Bandeira-da-Belgica-100x100.jpg\" alt=\"cover\">\t\t<span \t\t\tdata-qtmplayer-cover=\"https:\/\/rna.ao\/rna.ao\/wp-content\/uploads\/2020\/10\/Bandeira-da-Belgica-370x370.jpg\"\n\t\t\t\t\t\tdata-qtmplayer-file=\"https:\/\/rna.ao\/rna.ao\/wp-content\/uploads\/2020\/11\/GILLES-ORGHE1ER-SEC.-A-LAMBA-DE-BELGIQUE-A-LUANDA.mp3\"\n\t\t\t\t\t\tdata-qtmplayer-title=\"ON NE PEUT QU\u2019ENCOURAGER LES REFORMES EN COURS EN ANGOLA\"\n\t\t\t\t\t\tdata-qtmplayer-artist=\"RNA\"\n\t\t\t\t\t\tdata-qtmplayer-link=\"https:\/\/rna.ao\/rna.ao\/2020\/11\/03\/on-ne-peut-quencourager-les-reformes-en-cours-en-angola\/\"\n\t\t\t\t\t\tdata-qtmplayer-icon=\"file_download\"\n\t\t\t\t\t\tdata-qtmplayer-type=\"track\"\n\t\t\t class=\"qtmplayer-play qtmplayer-link-sec qtmplayer-play-btn\"><i class='material-icons'>play_arrow<\/i><\/span>\n\t\t<p>\n\t\t\t<span class=\"qtmplayer-tit\">ON NE PEUT QU\u2019ENCOURAGER LES REFORMES EN COURS EN ANGOLA<\/span>\n\t\t\t<span class=\"qtmplayer-art\">RNA<\/span>\n\t\t<\/p>\n\t<\/li>\n\t\t<\/ul>\n\t<\/div>\t\t\t\n\t\n","protected":false},"excerpt":{"rendered":"<p>Toutes les reformes en cours en Angola sont \u00e0 encourager. Ces reformes montrent la bonne volont\u00e9 et la bonne vision de la politique du pr\u00e9sident,Joqo Lourenco,a d\u00e9clar\u00e9,le premier secr\u00e9taire \u00e0 l\u2019ambassade de Belgique en Angola,Gilles Oghe.<\/p>\n","protected":false},"author":8,"featured_media":6523,"comment_status":"closed","ping_status":"closed","sticky":false,"template":"","format":"standard","meta":[],"categories":[143],"tags":[],"_links":{"self":[{"href":"https:\/\/rna.ao\/rna.ao\/wp-json\/wp\/v2\/posts\/10424"}],"collection":[{"href":"https:\/\/rna.ao\/rna.ao\/wp-json\/wp\/v2\/posts"}],"about":[{"href":"https:\/\/rna.ao\/rna.ao\/wp-json\/wp\/v2\/types\/post"}],"author":[{"embeddable":true,"href":"https:\/\/rna.ao\/rna.ao\/wp-json\/wp\/v2\/users\/8"}],"replies":[{"embeddable":true,"href":"https:\/\/rna.ao\/rna.ao\/wp-json\/wp\/v2\/comments?post=10424"}],"version-history":[{"count":1,"href":"https:\/\/rna.ao\/rna.ao\/wp-json\/wp\/v2\/posts\/10424\/revisions"}],"predecessor-version":[{"id":10426,"href":"https:\/\/rna.ao\/rna.ao\/wp-json\/wp\/v2\/posts\/10424\/revisions\/10426"}],"wp:featuredmedia":[{"embeddable":true,"href":"https:\/\/rna.ao\/rna.ao\/wp-json\/wp\/v2\/media\/6523"}],"wp:attachment":[{"href":"https:\/\/rna.ao\/rna.ao\/wp-json\/wp\/v2\/media?parent=10424"}],"wp:term":[{"taxonomy":"category","embeddable":true,"href":"https:\/\/rna.ao\/rna.ao\/wp-json\/wp\/v2\/categories?post=10424"},{"taxonomy":"post_tag","embeddable":true,"href":"https:\/\/rna.ao\/rna.ao\/wp-json\/wp\/v2\/tags?post=10424"}],"curies":[{"name":"wp","href":"https:\/\/api.w.org\/{rel}","templated":true}]}}