{"id":10420,"date":"2020-11-03T02:18:34","date_gmt":"2020-11-03T01:18:34","guid":{"rendered":"https:\/\/rna.ao\/rna.ao\/?p=10420"},"modified":"2020-11-03T07:55:04","modified_gmt":"2020-11-03T06:55:04","slug":"lider-da-bancada-parlamentar-da-unita-critica-forma-pouco-etica-do-anuncio-de-david-mendes","status":"publish","type":"post","link":"https:\/\/rna.ao\/rna.ao\/2020\/11\/03\/lider-da-bancada-parlamentar-da-unita-critica-forma-pouco-etica-do-anuncio-de-david-mendes\/","title":{"rendered":"L\u00edder da bancada parlamentar da UNITA critica forma pouco \u00e9tica do anuncio de David Mendes"},"content":{"rendered":"<p><img loading=\"lazy\" class=\"size-full wp-image-10422 alignleft\" src=\"https:\/\/rna.ao\/rna.ao\/wp-content\/uploads\/2020\/11\/Liberty-Chiaka.jpg\" alt=\"\" width=\"346\" height=\"232\" \/><\/p>\n<p>O presidente do Grupo Parlamentar da UNITA, Liberty Chiaka, disse que o partido respeita a sa\u00edda do deputado David Menes, da sua bancada, noticiou a RNA esta ter\u00e7a-feira, 03\/11.<\/p>\n<p>Contactado para reagir ao anuncio de David Mendes, que dever\u00e1 formalizar, hoje, a sua sa\u00edda do Grupo Parlamentar, Liberty Chiaka que prometeu fazer um pronunciamento oficial, criticou a forma que considera pouco \u00e9tica de como o deputado anunciou os factos.<\/p>\n<p>De referir que, David Mendes prometeu abandonar o Grupo Parlamentar do partido dos &#8220;maninhos&#8221;, por diverg\u00eancias com a direc\u00e7\u00e3o da UNITA, e uma suposta falta de solidariedade de Adalberto Costa J\u00fanior. Clique no \u00e1udio, em baixo, e ou\u00e7a os pronunciamentos de David Mendes:<\/p>\n\t<div class=\"qtmplayer-playlist-large\">\n\t\t<ul class=\"qtmplayer-playlist\">\n\t\t\t\n\t\t\t\t\t<li class=\"qtmplayer-trackitem\">\n\t\t<img src=\"https:\/\/rna.ao\/rna.ao\/wp-content\/uploads\/2020\/11\/Liberty-Chiaka-100x100.jpg\" alt=\"cover\">\t\t<span \t\t\tdata-qtmplayer-cover=\"https:\/\/rna.ao\/rna.ao\/wp-content\/uploads\/2020\/11\/Liberty-Chiaka.jpg\"\n\t\t\t\t\t\tdata-qtmplayer-file=\"https:\/\/rna.ao\/rna.ao\/wp-content\/uploads\/2020\/11\/DAVID-MENDES.mp3\"\n\t\t\t\t\t\tdata-qtmplayer-title=\"L\u00edder da bancada parlamentar da UNITA critica forma pouco \u00e9tica do anuncio de David Mendes\"\n\t\t\t\t\t\tdata-qtmplayer-artist=\"RNA\"\n\t\t\t\t\t\tdata-qtmplayer-link=\"https:\/\/rna.ao\/rna.ao\/2020\/11\/03\/lider-da-bancada-parlamentar-da-unita-critica-forma-pouco-etica-do-anuncio-de-david-mendes\/\"\n\t\t\t\t\t\tdata-qtmplayer-icon=\"file_download\"\n\t\t\t\t\t\tdata-qtmplayer-type=\"track\"\n\t\t\t class=\"qtmplayer-play qtmplayer-link-sec qtmplayer-play-btn\"><i class='material-icons'>play_arrow<\/i><\/span>\n\t\t<p>\n\t\t\t<span class=\"qtmplayer-tit\">L\u00edder da bancada parlamentar da UNITA critica forma pouco \u00e9tica do anuncio de David Mendes<\/span>\n\t\t\t<span class=\"qtmplayer-art\">RNA<\/span>\n\t\t<\/p>\n\t<\/li>\n\t\t<\/ul>\n\t<\/div>\t\t\t\n\t\n<p>Fonte: RNA<\/p>\n","protected":false},"excerpt":{"rendered":"<p>O presidente do Grupo Parlamentar da UNITA, Liberty Chiaka, disse que o partido respeita a sa\u00edda do deputado David Menes, da sua bancada, noticiou a RNA esta ter\u00e7a-feira, 03\/11. Contactado para reagir ao anuncio de David Mendes, que dever\u00e1 formalizar, hoje, a sua sa\u00edda do Grupo Parlamentar, Liberty Chiaka que ...<\/p>\n","protected":false},"author":8,"featured_media":10422,"comment_status":"closed","ping_status":"closed","sticky":false,"template":"","format":"standard","meta":[],"categories":[141,133,164],"tags":[],"_links":{"self":[{"href":"https:\/\/rna.ao\/rna.ao\/wp-json\/wp\/v2\/posts\/10420"}],"collection":[{"href":"https:\/\/rna.ao\/rna.ao\/wp-json\/wp\/v2\/posts"}],"about":[{"href":"https:\/\/rna.ao\/rna.ao\/wp-json\/wp\/v2\/types\/post"}],"author":[{"embeddable":true,"href":"https:\/\/rna.ao\/rna.ao\/wp-json\/wp\/v2\/users\/8"}],"replies":[{"embeddable":true,"href":"https:\/\/rna.ao\/rna.ao\/wp-json\/wp\/v2\/comments?post=10420"}],"version-history":[{"count":1,"href":"https:\/\/rna.ao\/rna.ao\/wp-json\/wp\/v2\/posts\/10420\/revisions"}],"predecessor-version":[{"id":10423,"href":"https:\/\/rna.ao\/rna.ao\/wp-json\/wp\/v2\/posts\/10420\/revisions\/10423"}],"wp:featuredmedia":[{"embeddable":true,"href":"https:\/\/rna.ao\/rna.ao\/wp-json\/wp\/v2\/media\/10422"}],"wp:attachment":[{"href":"https:\/\/rna.ao\/rna.ao\/wp-json\/wp\/v2\/media?parent=10420"}],"wp:term":[{"taxonomy":"category","embeddable":true,"href":"https:\/\/rna.ao\/rna.ao\/wp-json\/wp\/v2\/categories?post=10420"},{"taxonomy":"post_tag","embeddable":true,"href":"https:\/\/rna.ao\/rna.ao\/wp-json\/wp\/v2\/tags?post=10420"}],"curies":[{"name":"wp","href":"https:\/\/api.w.org\/{rel}","templated":true}]}}