{"id":104127,"date":"2023-05-26T06:57:25","date_gmt":"2023-05-26T05:57:25","guid":{"rendered":"https:\/\/rna.ao\/rna.ao\/?p=104127"},"modified":"2023-05-26T06:57:25","modified_gmt":"2023-05-26T05:57:25","slug":"programa-de-reordenamento-do-comercio-gpl-cadastra-mais-de-3-mil-vendedoras","status":"publish","type":"post","link":"https:\/\/rna.ao\/rna.ao\/2023\/05\/26\/programa-de-reordenamento-do-comercio-gpl-cadastra-mais-de-3-mil-vendedoras\/","title":{"rendered":"Programa de Reordenamento do Com\u00e9rcio: GPL cadastra mais de 3 mil vendedoras"},"content":{"rendered":"<p><img loading=\"lazy\" class=\"size-full wp-image-104130 aligncenter\" src=\"https:\/\/rna.ao\/rna.ao\/wp-content\/uploads\/2023\/05\/Nadia-Neto-GPL.jpg\" alt=\"\" width=\"720\" height=\"510\" \/>O Governo Provincial de Luanda continua engajado no reordenamento dos pontos de venda informal de produtos diversos.<\/p>\n<p>A campanha, que teve in\u00edcio h\u00e1 pouco mais de 30 dias, j\u00e1 est\u00e1 a dar um rosto diferente \u00e0 alguns locais da cidade capital. O plano de reordenamento do comercio abrange outros sectores como o saneamento b\u00e1sico, manuten\u00e7\u00e3o das vias e reorganiza\u00e7\u00e3o das paragens de t\u00e1xi.<\/p>\n<p>Quinta-feira, 25\/05, o rep\u00f3rter Bruno Fernandes foi ao mercado do S\u00e3o Paulo, aferir como decorre a campanha. Os \u00faltimos dados apontam que mais de tr\u00eas mil vendedoras j\u00e1 est\u00e3o cadastradas. Clique no \u00e1udio e ou\u00e7a:<\/p>\n\t<div class=\"qtmplayer-playlist-large\">\n\t\t<ul class=\"qtmplayer-playlist\">\n\t\t\t\n\t\t\t\t\t<li class=\"qtmplayer-trackitem\">\n\t\t<img src=\"https:\/\/rna.ao\/rna.ao\/wp-content\/uploads\/2023\/05\/Nadia-Neto-GPL-1-100x100.jpg\" alt=\"cover\">\t\t<span \t\t\tdata-qtmplayer-cover=\"https:\/\/rna.ao\/rna.ao\/wp-content\/uploads\/2023\/05\/Nadia-Neto-GPL-1.jpg\"\n\t\t\t\t\t\tdata-qtmplayer-file=\"https:\/\/rna.ao\/rna.ao\/wp-content\/uploads\/2023\/05\/BRUNO-FERNADES-MERCADO-SAO-PAULO.mp3\"\n\t\t\t\t\t\tdata-qtmplayer-title=\"Programa de Reordenamento do Com\u00e9rcio: GPL cadastra mais de 3 mil vendedoras\"\n\t\t\t\t\t\tdata-qtmplayer-artist=\"RNA\"\n\t\t\t\t\t\tdata-qtmplayer-link=\"https:\/\/rna.ao\/rna.ao\/2023\/05\/26\/programa-de-reordenamento-do-comercio-gpl-cadastra-mais-de-3-mil-vendedoras\/\"\n\t\t\t\t\t\tdata-qtmplayer-icon=\"file_download\"\n\t\t\t\t\t\tdata-qtmplayer-type=\"track\"\n\t\t\t class=\"qtmplayer-play qtmplayer-link-sec qtmplayer-play-btn\"><i class='material-icons'>play_arrow<\/i><\/span>\n\t\t<p>\n\t\t\t<span class=\"qtmplayer-tit\">Programa de Reordenamento do Com\u00e9rcio: GPL cadastra mais de 3 mil vendedoras<\/span>\n\t\t\t<span class=\"qtmplayer-art\">RNA<\/span>\n\t\t<\/p>\n\t<\/li>\n\t\t<\/ul>\n\t<\/div>\t\t\t\n\t\n<p>N\u00e1dia Neto, porta-voz do Programa de Reordenamento do Com\u00e9rcio, afirma que, at\u00e9 agora, os resultados s\u00e3o positivos, e que se por um lado h\u00e1 ainda aqueles que fazem resist\u00eancia, por outro mais de tr\u00eas mil vendedoras est\u00e3o cadastradas para actividade comercial nos mercados do S\u00e3o Paulo e da Chapada. Clique no \u00e1udio e ou\u00e7a:<\/p>\n\t<div class=\"qtmplayer-playlist-large\">\n\t\t<ul class=\"qtmplayer-playlist\">\n\t\t\t\n\t\t\t\t\t<li class=\"qtmplayer-trackitem\">\n\t\t<img src=\"https:\/\/rna.ao\/rna.ao\/wp-content\/uploads\/2023\/05\/Nadia-Neto-GPL-1-100x100.jpg\" alt=\"cover\">\t\t<span \t\t\tdata-qtmplayer-cover=\"https:\/\/rna.ao\/rna.ao\/wp-content\/uploads\/2023\/05\/Nadia-Neto-GPL-1.jpg\"\n\t\t\t\t\t\tdata-qtmplayer-file=\"https:\/\/rna.ao\/rna.ao\/wp-content\/uploads\/2023\/05\/NADIA-NETO-VENDA-DESOLDERNADA-3-1.mp3\"\n\t\t\t\t\t\tdata-qtmplayer-title=\"Programa de Reordenamento do Com\u00e9rcio: GPL cadastra mais de 3 mil vendedoras\"\n\t\t\t\t\t\tdata-qtmplayer-artist=\"RNA\"\n\t\t\t\t\t\tdata-qtmplayer-link=\"https:\/\/rna.ao\/rna.ao\/2023\/05\/26\/programa-de-reordenamento-do-comercio-gpl-cadastra-mais-de-3-mil-vendedoras\/\"\n\t\t\t\t\t\tdata-qtmplayer-icon=\"file_download\"\n\t\t\t\t\t\tdata-qtmplayer-type=\"track\"\n\t\t\t class=\"qtmplayer-play qtmplayer-link-sec qtmplayer-play-btn\"><i class='material-icons'>play_arrow<\/i><\/span>\n\t\t<p>\n\t\t\t<span class=\"qtmplayer-tit\">Programa de Reordenamento do Com\u00e9rcio: GPL cadastra mais de 3 mil vendedoras<\/span>\n\t\t\t<span class=\"qtmplayer-art\">RNA<\/span>\n\t\t<\/p>\n\t<\/li>\n\t\t<\/ul>\n\t<\/div>\t\t\t\n\t\n<p>At\u00e9 ao terceiro dia de trabalho, foram encaminhadas um total de 988 comerciantes, distribu\u00eddas entre os mercados de S\u00e3o Paulo e Chapada, que j\u00e1 se encontram a vender.<\/p>\n<p>Sabe-se tamb\u00e9m que j\u00e1 n\u00e3o h\u00e1 vagas na &#8220;pra\u00e7a\u201d de S\u00e3o Paulo. Por isso, os demais vendedores v\u00e3o ser encaminhados para os restantes mercados a n\u00edvel de Luanda.<\/p>\n<p>Ao Munic\u00edpio do Cazenga v\u00e3o ser encaminhados 2.000 vendedores, que v\u00e3o ficar no mercado dos Combust\u00edveis, onde existem 20 mil lugares.<\/p>\n<p>Os comerciantes que saem das ruas e entram agora para os mercados, v\u00e3o ficar 90 dias sem pagar quaisquer emolumentos \u00e0 administra\u00e7\u00e3o.<\/p>\n<p>O Governo da Prov\u00edncia de Luanda vai, doravante, inspeccionar os estabelecimentos comerciais de venda a grosso e retalho, de modo a banir as vendas na entrada dos espa\u00e7os.<\/p>\n<p>\u00c0 medida que decorre o processo, o Governo da Prov\u00edncia de Luanda est\u00e1 a realizar, em paralelo, limpezas nas estradas, reposi\u00e7\u00e3o dos passeios danificados pela atitude das comerciantes, pinturas de lancis e a coloca\u00e7\u00e3o de l\u00e2mpadas para ilumina\u00e7\u00e3o p\u00fablica.<\/p>\n<p>Fonte: R\u00e1dio Luanda\/RNA<\/p>\n","protected":false},"excerpt":{"rendered":"<p>O Governo Provincial de Luanda continua engajado no reordenamento dos pontos de venda informal de produtos diversos. A campanha, que teve in\u00edcio h\u00e1 pouco mais de 30 dias, j\u00e1 est\u00e1 a dar um rosto diferente \u00e0 alguns locais da cidade capital. O plano de reordenamento do comercio abrange outros sectores ...<\/p>\n","protected":false},"author":8,"featured_media":104131,"comment_status":"closed","ping_status":"closed","sticky":false,"template":"","format":"standard","meta":[],"categories":[141,133,164],"tags":[],"_links":{"self":[{"href":"https:\/\/rna.ao\/rna.ao\/wp-json\/wp\/v2\/posts\/104127"}],"collection":[{"href":"https:\/\/rna.ao\/rna.ao\/wp-json\/wp\/v2\/posts"}],"about":[{"href":"https:\/\/rna.ao\/rna.ao\/wp-json\/wp\/v2\/types\/post"}],"author":[{"embeddable":true,"href":"https:\/\/rna.ao\/rna.ao\/wp-json\/wp\/v2\/users\/8"}],"replies":[{"embeddable":true,"href":"https:\/\/rna.ao\/rna.ao\/wp-json\/wp\/v2\/comments?post=104127"}],"version-history":[{"count":1,"href":"https:\/\/rna.ao\/rna.ao\/wp-json\/wp\/v2\/posts\/104127\/revisions"}],"predecessor-version":[{"id":104132,"href":"https:\/\/rna.ao\/rna.ao\/wp-json\/wp\/v2\/posts\/104127\/revisions\/104132"}],"wp:featuredmedia":[{"embeddable":true,"href":"https:\/\/rna.ao\/rna.ao\/wp-json\/wp\/v2\/media\/104131"}],"wp:attachment":[{"href":"https:\/\/rna.ao\/rna.ao\/wp-json\/wp\/v2\/media?parent=104127"}],"wp:term":[{"taxonomy":"category","embeddable":true,"href":"https:\/\/rna.ao\/rna.ao\/wp-json\/wp\/v2\/categories?post=104127"},{"taxonomy":"post_tag","embeddable":true,"href":"https:\/\/rna.ao\/rna.ao\/wp-json\/wp\/v2\/tags?post=104127"}],"curies":[{"name":"wp","href":"https:\/\/api.w.org\/{rel}","templated":true}]}}