{"id":104048,"date":"2023-05-25T10:55:42","date_gmt":"2023-05-25T09:55:42","guid":{"rendered":"https:\/\/rna.ao\/rna.ao\/?p=104048"},"modified":"2023-05-25T10:55:42","modified_gmt":"2023-05-25T09:55:42","slug":"especialistas-abordam-linguas-de-angola-identidade-e-soberania-no-memorial-antonio-agostinho-neto","status":"publish","type":"post","link":"https:\/\/rna.ao\/rna.ao\/2023\/05\/25\/especialistas-abordam-linguas-de-angola-identidade-e-soberania-no-memorial-antonio-agostinho-neto\/","title":{"rendered":"Especialistas abordam l\u00ednguas de Angola, identidade e soberania no memorial Ant\u00f3nio Agostinho Neto"},"content":{"rendered":"<p><img loading=\"lazy\" class=\"wp-image-76509 alignleft\" src=\"https:\/\/rna.ao\/rna.ao\/wp-content\/uploads\/2022\/09\/memorial_agostinho_neto_17715239076246dc1020841.jpg\" alt=\"\" width=\"334\" height=\"191\" \/>O Memorial Doutor Ant\u00f3nio Agostinho Neto, acolhe nesta quarta-feira(24), o Col\u00f3quio subordinado ao tema \u201c<em>L\u00ednguas de Angola, Identidade e Soberania<\/em>\u201d. De acordo com o respons\u00e1vel do Departamento de Sarc\u00f3fago e Ac\u00e7\u00e3o Cultural do memorial, Rigorberto Fialho, a actividade visa igualmente saudar o 25 de Maio, Dia do Continente Africano.\u00a0Clique, no \u00e1udio abaixo, e ou\u00e7a:<\/p>\n\t<div class=\"qtmplayer-playlist-large\">\n\t\t<ul class=\"qtmplayer-playlist\">\n\t\t\t\n\t\t\t\t\t<li class=\"qtmplayer-trackitem\">\n\t\t<img src=\"https:\/\/rna.ao\/rna.ao\/wp-content\/uploads\/2022\/09\/memorial_agostinho_neto_17715239076246dc1020841-100x100.jpg\" alt=\"cover\">\t\t<span \t\t\tdata-qtmplayer-cover=\"https:\/\/rna.ao\/rna.ao\/wp-content\/uploads\/2022\/09\/memorial_agostinho_neto_17715239076246dc1020841.jpg\"\n\t\t\t\t\t\tdata-qtmplayer-file=\"https:\/\/rna.ao\/rna.ao\/wp-content\/uploads\/2023\/05\/RIGOBERTO-FIALHO-1.mp3\"\n\t\t\t\t\t\tdata-qtmplayer-title=\"Especialistas abordam l\u00ednguas de Angola, identidade e soberania no memorial Ant\u00f3nio Agostinho Neto\"\n\t\t\t\t\t\tdata-qtmplayer-artist=\"RNA\"\n\t\t\t\t\t\tdata-qtmplayer-link=\"https:\/\/rna.ao\/rna.ao\/2023\/05\/25\/especialistas-abordam-linguas-de-angola-identidade-e-soberania-no-memorial-antonio-agostinho-neto\/\"\n\t\t\t\t\t\tdata-qtmplayer-icon=\"file_download\"\n\t\t\t\t\t\tdata-qtmplayer-type=\"track\"\n\t\t\t class=\"qtmplayer-play qtmplayer-link-sec qtmplayer-play-btn\"><i class='material-icons'>play_arrow<\/i><\/span>\n\t\t<p>\n\t\t\t<span class=\"qtmplayer-tit\">Especialistas abordam l\u00ednguas de Angola, identidade e soberania no memorial Ant\u00f3nio Agostinho Neto<\/span>\n\t\t\t<span class=\"qtmplayer-art\">RNA<\/span>\n\t\t<\/p>\n\t<\/li>\n\t\t<\/ul>\n\t<\/div>\t\t\t\n\t\n<p>O respons\u00e1vel, avan\u00e7a ainda que, est\u00e1 tamb\u00e9m reservado uma visita \u00e0 exposi\u00e7\u00e3o que retrata a vida e obra da nacionalista Deolinda Rodrigues. Clique, no \u00e1udio abaixo, e ou\u00e7a:<\/p>\n\t<div class=\"qtmplayer-playlist-large\">\n\t\t<ul class=\"qtmplayer-playlist\">\n\t\t\t\n\t\t\t\t\t<li class=\"qtmplayer-trackitem\">\n\t\t<img src=\"https:\/\/rna.ao\/rna.ao\/wp-content\/uploads\/2022\/09\/memorial_agostinho_neto_17715239076246dc1020841-100x100.jpg\" alt=\"cover\">\t\t<span \t\t\tdata-qtmplayer-cover=\"https:\/\/rna.ao\/rna.ao\/wp-content\/uploads\/2022\/09\/memorial_agostinho_neto_17715239076246dc1020841.jpg\"\n\t\t\t\t\t\tdata-qtmplayer-file=\"https:\/\/rna.ao\/rna.ao\/wp-content\/uploads\/2023\/05\/RIGOBERTO-FIALHO-2.mp3\"\n\t\t\t\t\t\tdata-qtmplayer-title=\"Especialistas abordam l\u00ednguas de Angola, identidade e soberania no memorial Ant\u00f3nio Agostinho Neto\"\n\t\t\t\t\t\tdata-qtmplayer-artist=\"RNA\"\n\t\t\t\t\t\tdata-qtmplayer-link=\"https:\/\/rna.ao\/rna.ao\/2023\/05\/25\/especialistas-abordam-linguas-de-angola-identidade-e-soberania-no-memorial-antonio-agostinho-neto\/\"\n\t\t\t\t\t\tdata-qtmplayer-icon=\"file_download\"\n\t\t\t\t\t\tdata-qtmplayer-type=\"track\"\n\t\t\t class=\"qtmplayer-play qtmplayer-link-sec qtmplayer-play-btn\"><i class='material-icons'>play_arrow<\/i><\/span>\n\t\t<p>\n\t\t\t<span class=\"qtmplayer-tit\">Especialistas abordam l\u00ednguas de Angola, identidade e soberania no memorial Ant\u00f3nio Agostinho Neto<\/span>\n\t\t\t<span class=\"qtmplayer-art\">RNA<\/span>\n\t\t<\/p>\n\t<\/li>\n\t\t<\/ul>\n\t<\/div>\t\t\t\n\t\n","protected":false},"excerpt":{"rendered":"<p>O Memorial Doutor Ant\u00f3nio Agostinho Neto, acolhe nesta quarta-feira(24), o Col\u00f3quio subordinado ao tema \u201cL\u00ednguas de Angola, Identidade e Soberania\u201d. De acordo com o respons\u00e1vel do Departamento de Sarc\u00f3fago e Ac\u00e7\u00e3o Cultural do memorial, Rigorberto Fialho, a actividade visa igualmente saudar o 25 de Maio, Dia do Continente Africano.\u00a0Clique, no ...<\/p>\n","protected":false},"author":8,"featured_media":76509,"comment_status":"closed","ping_status":"closed","sticky":false,"template":"","format":"standard","meta":[],"categories":[141,133],"tags":[],"_links":{"self":[{"href":"https:\/\/rna.ao\/rna.ao\/wp-json\/wp\/v2\/posts\/104048"}],"collection":[{"href":"https:\/\/rna.ao\/rna.ao\/wp-json\/wp\/v2\/posts"}],"about":[{"href":"https:\/\/rna.ao\/rna.ao\/wp-json\/wp\/v2\/types\/post"}],"author":[{"embeddable":true,"href":"https:\/\/rna.ao\/rna.ao\/wp-json\/wp\/v2\/users\/8"}],"replies":[{"embeddable":true,"href":"https:\/\/rna.ao\/rna.ao\/wp-json\/wp\/v2\/comments?post=104048"}],"version-history":[{"count":1,"href":"https:\/\/rna.ao\/rna.ao\/wp-json\/wp\/v2\/posts\/104048\/revisions"}],"predecessor-version":[{"id":104051,"href":"https:\/\/rna.ao\/rna.ao\/wp-json\/wp\/v2\/posts\/104048\/revisions\/104051"}],"wp:featuredmedia":[{"embeddable":true,"href":"https:\/\/rna.ao\/rna.ao\/wp-json\/wp\/v2\/media\/76509"}],"wp:attachment":[{"href":"https:\/\/rna.ao\/rna.ao\/wp-json\/wp\/v2\/media?parent=104048"}],"wp:term":[{"taxonomy":"category","embeddable":true,"href":"https:\/\/rna.ao\/rna.ao\/wp-json\/wp\/v2\/categories?post=104048"},{"taxonomy":"post_tag","embeddable":true,"href":"https:\/\/rna.ao\/rna.ao\/wp-json\/wp\/v2\/tags?post=104048"}],"curies":[{"name":"wp","href":"https:\/\/api.w.org\/{rel}","templated":true}]}}