{"id":104039,"date":"2023-05-25T10:32:39","date_gmt":"2023-05-25T09:32:39","guid":{"rendered":"https:\/\/rna.ao\/rna.ao\/?p=104039"},"modified":"2023-05-25T10:32:39","modified_gmt":"2023-05-25T09:32:39","slug":"cazenga-bacia-do-tunga-ngo-podera-desaparecer-nos-proximos-dias-afirma-tomas-bica","status":"publish","type":"post","link":"https:\/\/rna.ao\/rna.ao\/2023\/05\/25\/cazenga-bacia-do-tunga-ngo-podera-desaparecer-nos-proximos-dias-afirma-tomas-bica\/","title":{"rendered":"Cazenga: Bacia do Tunga Ng\u00f3 poder\u00e1 desaparecer nos pr\u00f3ximos dias, afirma Tom\u00e1s Bica"},"content":{"rendered":"<p><img loading=\"lazy\" class=\"wp-image-104045 alignleft\" src=\"https:\/\/rna.ao\/rna.ao\/wp-content\/uploads\/2023\/05\/l_zenga.jpg\" alt=\"\" width=\"347\" height=\"213\" \/>A Administra\u00e7\u00e3o Municipal do Cazenga trabalha num Plano de Conting\u00eancia das chuvas, de modo a aproveita a \u00e9poca de cacimbo para intensificar os trabalhos de requalifica\u00e7\u00e3o das bacias existentes no munic\u00edpio. A informa\u00e7\u00e3o foi prestada pelo Administrador Tom\u00e1s Bica, durante uma visita de trabalho efectuada nas obras de requalifica\u00e7\u00e3o da bacia do Tunga Ng\u00f3. Clique, no \u00e1udio abaixo, e ou\u00e7a:<\/p>\n\t<div class=\"qtmplayer-playlist-large\">\n\t\t<ul class=\"qtmplayer-playlist\">\n\t\t\t\n\t\t\t\t\t<li class=\"qtmplayer-trackitem\">\n\t\t<img src=\"https:\/\/rna.ao\/rna.ao\/wp-content\/uploads\/2023\/05\/l_zenga-100x100.jpg\" alt=\"cover\">\t\t<span \t\t\tdata-qtmplayer-cover=\"https:\/\/rna.ao\/rna.ao\/wp-content\/uploads\/2023\/05\/l_zenga.jpg\"\n\t\t\t\t\t\tdata-qtmplayer-file=\"https:\/\/rna.ao\/rna.ao\/wp-content\/uploads\/2023\/05\/TOMAS-BICA-CAZENGA.mp3\"\n\t\t\t\t\t\tdata-qtmplayer-title=\"Cazenga: Bacia do Tunga Ng\u00f3 poder\u00e1 desaparecer nos pr\u00f3ximos dias, afirma Tom\u00e1s Bica\"\n\t\t\t\t\t\tdata-qtmplayer-artist=\"RNA\"\n\t\t\t\t\t\tdata-qtmplayer-link=\"https:\/\/rna.ao\/rna.ao\/2023\/05\/25\/cazenga-bacia-do-tunga-ngo-podera-desaparecer-nos-proximos-dias-afirma-tomas-bica\/\"\n\t\t\t\t\t\tdata-qtmplayer-icon=\"file_download\"\n\t\t\t\t\t\tdata-qtmplayer-type=\"track\"\n\t\t\t class=\"qtmplayer-play qtmplayer-link-sec qtmplayer-play-btn\"><i class='material-icons'>play_arrow<\/i><\/span>\n\t\t<p>\n\t\t\t<span class=\"qtmplayer-tit\">Cazenga: Bacia do Tunga Ng\u00f3 poder\u00e1 desaparecer nos pr\u00f3ximos dias, afirma Tom\u00e1s Bica<\/span>\n\t\t\t<span class=\"qtmplayer-art\">RNA<\/span>\n\t\t<\/p>\n\t<\/li>\n\t\t<\/ul>\n\t<\/div>\t\t\t\n\t\n","protected":false},"excerpt":{"rendered":"<p>A Administra\u00e7\u00e3o Municipal do Cazenga trabalha num Plano de Conting\u00eancia das chuvas, de modo a aproveita a \u00e9poca de cacimbo para intensificar os trabalhos de requalifica\u00e7\u00e3o das bacias existentes no munic\u00edpio. A informa\u00e7\u00e3o foi prestada pelo Administrador Tom\u00e1s Bica, durante uma visita de trabalho efectuada nas obras de requalifica\u00e7\u00e3o da ...<\/p>\n","protected":false},"author":8,"featured_media":104045,"comment_status":"closed","ping_status":"closed","sticky":false,"template":"","format":"standard","meta":[],"categories":[141,133],"tags":[],"_links":{"self":[{"href":"https:\/\/rna.ao\/rna.ao\/wp-json\/wp\/v2\/posts\/104039"}],"collection":[{"href":"https:\/\/rna.ao\/rna.ao\/wp-json\/wp\/v2\/posts"}],"about":[{"href":"https:\/\/rna.ao\/rna.ao\/wp-json\/wp\/v2\/types\/post"}],"author":[{"embeddable":true,"href":"https:\/\/rna.ao\/rna.ao\/wp-json\/wp\/v2\/users\/8"}],"replies":[{"embeddable":true,"href":"https:\/\/rna.ao\/rna.ao\/wp-json\/wp\/v2\/comments?post=104039"}],"version-history":[{"count":1,"href":"https:\/\/rna.ao\/rna.ao\/wp-json\/wp\/v2\/posts\/104039\/revisions"}],"predecessor-version":[{"id":104046,"href":"https:\/\/rna.ao\/rna.ao\/wp-json\/wp\/v2\/posts\/104039\/revisions\/104046"}],"wp:featuredmedia":[{"embeddable":true,"href":"https:\/\/rna.ao\/rna.ao\/wp-json\/wp\/v2\/media\/104045"}],"wp:attachment":[{"href":"https:\/\/rna.ao\/rna.ao\/wp-json\/wp\/v2\/media?parent=104039"}],"wp:term":[{"taxonomy":"category","embeddable":true,"href":"https:\/\/rna.ao\/rna.ao\/wp-json\/wp\/v2\/categories?post=104039"},{"taxonomy":"post_tag","embeddable":true,"href":"https:\/\/rna.ao\/rna.ao\/wp-json\/wp\/v2\/tags?post=104039"}],"curies":[{"name":"wp","href":"https:\/\/api.w.org\/{rel}","templated":true}]}}