{"id":104025,"date":"2023-05-25T10:17:43","date_gmt":"2023-05-25T09:17:43","guid":{"rendered":"https:\/\/rna.ao\/rna.ao\/?p=104025"},"modified":"2023-05-25T10:17:43","modified_gmt":"2023-05-25T09:17:43","slug":"campanha-de-reordenamento-da-venda-ambulante-prossegue-nos-municipios-de-luanda-e-cazenga","status":"publish","type":"post","link":"https:\/\/rna.ao\/rna.ao\/2023\/05\/25\/campanha-de-reordenamento-da-venda-ambulante-prossegue-nos-municipios-de-luanda-e-cazenga\/","title":{"rendered":"Campanha de reordenamento da venda ambulante prossegue nos munic\u00edpios de Luanda e Cazenga"},"content":{"rendered":"<p><img loading=\"lazy\" class=\"wp-image-104030 alignleft\" src=\"https:\/\/rna.ao\/rna.ao\/wp-content\/uploads\/2023\/05\/347228806_252011527409618_7458850587468104390_n-770x513.jpg\" alt=\"\" width=\"329\" height=\"219\" srcset=\"https:\/\/rna.ao\/rna.ao\/wp-content\/uploads\/2023\/05\/347228806_252011527409618_7458850587468104390_n-770x513.jpg 770w, https:\/\/rna.ao\/rna.ao\/wp-content\/uploads\/2023\/05\/347228806_252011527409618_7458850587468104390_n-1170x780.jpg 1170w, https:\/\/rna.ao\/rna.ao\/wp-content\/uploads\/2023\/05\/347228806_252011527409618_7458850587468104390_n-768x512.jpg 768w, https:\/\/rna.ao\/rna.ao\/wp-content\/uploads\/2023\/05\/347228806_252011527409618_7458850587468104390_n-1536x1023.jpg 1536w, https:\/\/rna.ao\/rna.ao\/wp-content\/uploads\/2023\/05\/347228806_252011527409618_7458850587468104390_n.jpg 1600w\" sizes=\"(max-width: 329px) 100vw, 329px\" \/>Luanda esta a registar um per\u00edodo de campanha de reordenamento do com\u00e9rcio. H\u00e1 alguns dias, foi constatado em alguns pontos, a mudan\u00e7a que \u00e9 fruto desta campanha. N\u00e1dia Neto, a porta-voz da campanha de reordenamento do com\u00e9rcio informal, faz saber que a ac\u00e7\u00e3o comporta v\u00e1rios eixos, neste momento j\u00e1 esta na segunda fase. Clique, no \u00e1udio abaixo, e ou\u00e7a:<\/p>\n\t<div class=\"qtmplayer-playlist-large\">\n\t\t<ul class=\"qtmplayer-playlist\">\n\t\t\t\n\t\t\t\t\t<li class=\"qtmplayer-trackitem\">\n\t\t<img src=\"https:\/\/rna.ao\/rna.ao\/wp-content\/uploads\/2023\/05\/Luanda-100x100.jpg\" alt=\"cover\">\t\t<span \t\t\tdata-qtmplayer-cover=\"https:\/\/rna.ao\/rna.ao\/wp-content\/uploads\/2023\/05\/Luanda-370x370.jpg\"\n\t\t\t\t\t\tdata-qtmplayer-file=\"https:\/\/rna.ao\/rna.ao\/wp-content\/uploads\/2023\/05\/NADIA-NETO-VENDA-DESOLDERNADA-1.mp3\"\n\t\t\t\t\t\tdata-qtmplayer-title=\"Campanha de reordenamento da venda ambulante prossegue nos munic\u00edpios de Luanda e Cazenga\"\n\t\t\t\t\t\tdata-qtmplayer-artist=\"RNA\"\n\t\t\t\t\t\tdata-qtmplayer-link=\"https:\/\/rna.ao\/rna.ao\/2023\/05\/25\/campanha-de-reordenamento-da-venda-ambulante-prossegue-nos-municipios-de-luanda-e-cazenga\/\"\n\t\t\t\t\t\tdata-qtmplayer-icon=\"file_download\"\n\t\t\t\t\t\tdata-qtmplayer-type=\"track\"\n\t\t\t class=\"qtmplayer-play qtmplayer-link-sec qtmplayer-play-btn\"><i class='material-icons'>play_arrow<\/i><\/span>\n\t\t<p>\n\t\t\t<span class=\"qtmplayer-tit\">Campanha de reordenamento da venda ambulante prossegue nos munic\u00edpios de Luanda e Cazenga<\/span>\n\t\t\t<span class=\"qtmplayer-art\">RNA<\/span>\n\t\t<\/p>\n\t<\/li>\n\t\t<\/ul>\n\t<\/div>\t\t\t\n\t\n<p>A respons\u00e1vel, fala tamb\u00e9m das ac\u00e7\u00f5es e pontos onde j\u00e1 foram dados outros passos e lembra que neste momento, a campanha esta a incidir nos Munic\u00edpios de Luanda e Cazenga. Clique, no \u00e1udio abaixo, e ou\u00e7a:<\/p>\n\t<div class=\"qtmplayer-playlist-large\">\n\t\t<ul class=\"qtmplayer-playlist\">\n\t\t\t\n\t\t\t\t\t<li class=\"qtmplayer-trackitem\">\n\t\t<img src=\"https:\/\/rna.ao\/rna.ao\/wp-content\/uploads\/2023\/05\/Luanda-100x100.jpg\" alt=\"cover\">\t\t<span \t\t\tdata-qtmplayer-cover=\"https:\/\/rna.ao\/rna.ao\/wp-content\/uploads\/2023\/05\/Luanda-370x370.jpg\"\n\t\t\t\t\t\tdata-qtmplayer-file=\"https:\/\/rna.ao\/rna.ao\/wp-content\/uploads\/2023\/05\/NADIA-NETO-VENDA-DESOLDERNADA-2.mp3\"\n\t\t\t\t\t\tdata-qtmplayer-title=\"Campanha de reordenamento da venda ambulante prossegue nos munic\u00edpios de Luanda e Cazenga\"\n\t\t\t\t\t\tdata-qtmplayer-artist=\"RNA\"\n\t\t\t\t\t\tdata-qtmplayer-link=\"https:\/\/rna.ao\/rna.ao\/2023\/05\/25\/campanha-de-reordenamento-da-venda-ambulante-prossegue-nos-municipios-de-luanda-e-cazenga\/\"\n\t\t\t\t\t\tdata-qtmplayer-icon=\"file_download\"\n\t\t\t\t\t\tdata-qtmplayer-type=\"track\"\n\t\t\t class=\"qtmplayer-play qtmplayer-link-sec qtmplayer-play-btn\"><i class='material-icons'>play_arrow<\/i><\/span>\n\t\t<p>\n\t\t\t<span class=\"qtmplayer-tit\">Campanha de reordenamento da venda ambulante prossegue nos munic\u00edpios de Luanda e Cazenga<\/span>\n\t\t\t<span class=\"qtmplayer-art\">RNA<\/span>\n\t\t<\/p>\n\t<\/li>\n\t\t<\/ul>\n\t<\/div>\t\t\t\n\t\n<p>Sobre os resultados, N\u00e1dia Neto, afirma que at\u00e9 agora os resultados obtidos s\u00e3o positivos e que j\u00e1 muitas vendedeiras, foram cadastradas e j\u00e1 est\u00e3o nos mercados do s\u00e3o Paulo e da Chapada. Clique, no \u00e1udio abaixo, e ou\u00e7a:<\/p>\n\t<div class=\"qtmplayer-playlist-large\">\n\t\t<ul class=\"qtmplayer-playlist\">\n\t\t\t\n\t\t\t\t\t<li class=\"qtmplayer-trackitem\">\n\t\t<img src=\"https:\/\/rna.ao\/rna.ao\/wp-content\/uploads\/2023\/05\/Luanda-100x100.jpg\" alt=\"cover\">\t\t<span \t\t\tdata-qtmplayer-cover=\"https:\/\/rna.ao\/rna.ao\/wp-content\/uploads\/2023\/05\/Luanda-370x370.jpg\"\n\t\t\t\t\t\tdata-qtmplayer-file=\"https:\/\/rna.ao\/rna.ao\/wp-content\/uploads\/2023\/05\/NADIA-NETO-VENDA-DESOLDERNADA-3.mp3\"\n\t\t\t\t\t\tdata-qtmplayer-title=\"Campanha de reordenamento da venda ambulante prossegue nos munic\u00edpios de Luanda e Cazenga\"\n\t\t\t\t\t\tdata-qtmplayer-artist=\"RNA\"\n\t\t\t\t\t\tdata-qtmplayer-link=\"https:\/\/rna.ao\/rna.ao\/2023\/05\/25\/campanha-de-reordenamento-da-venda-ambulante-prossegue-nos-municipios-de-luanda-e-cazenga\/\"\n\t\t\t\t\t\tdata-qtmplayer-icon=\"file_download\"\n\t\t\t\t\t\tdata-qtmplayer-type=\"track\"\n\t\t\t class=\"qtmplayer-play qtmplayer-link-sec qtmplayer-play-btn\"><i class='material-icons'>play_arrow<\/i><\/span>\n\t\t<p>\n\t\t\t<span class=\"qtmplayer-tit\">Campanha de reordenamento da venda ambulante prossegue nos munic\u00edpios de Luanda e Cazenga<\/span>\n\t\t\t<span class=\"qtmplayer-art\">RNA<\/span>\n\t\t<\/p>\n\t<\/li>\n\t\t<\/ul>\n\t<\/div>\t\t\t\n\t\n","protected":false},"excerpt":{"rendered":"<p>Luanda esta a registar um per\u00edodo de campanha de reordenamento do com\u00e9rcio. H\u00e1 alguns dias, foi constatado em alguns pontos, a mudan\u00e7a que \u00e9 fruto desta campanha. N\u00e1dia Neto, a porta-voz da campanha de reordenamento do com\u00e9rcio informal, faz saber que a ac\u00e7\u00e3o comporta v\u00e1rios eixos, neste momento j\u00e1 esta ...<\/p>\n","protected":false},"author":8,"featured_media":104031,"comment_status":"closed","ping_status":"closed","sticky":false,"template":"","format":"standard","meta":[],"categories":[141,133,164],"tags":[],"_links":{"self":[{"href":"https:\/\/rna.ao\/rna.ao\/wp-json\/wp\/v2\/posts\/104025"}],"collection":[{"href":"https:\/\/rna.ao\/rna.ao\/wp-json\/wp\/v2\/posts"}],"about":[{"href":"https:\/\/rna.ao\/rna.ao\/wp-json\/wp\/v2\/types\/post"}],"author":[{"embeddable":true,"href":"https:\/\/rna.ao\/rna.ao\/wp-json\/wp\/v2\/users\/8"}],"replies":[{"embeddable":true,"href":"https:\/\/rna.ao\/rna.ao\/wp-json\/wp\/v2\/comments?post=104025"}],"version-history":[{"count":1,"href":"https:\/\/rna.ao\/rna.ao\/wp-json\/wp\/v2\/posts\/104025\/revisions"}],"predecessor-version":[{"id":104032,"href":"https:\/\/rna.ao\/rna.ao\/wp-json\/wp\/v2\/posts\/104025\/revisions\/104032"}],"wp:featuredmedia":[{"embeddable":true,"href":"https:\/\/rna.ao\/rna.ao\/wp-json\/wp\/v2\/media\/104031"}],"wp:attachment":[{"href":"https:\/\/rna.ao\/rna.ao\/wp-json\/wp\/v2\/media?parent=104025"}],"wp:term":[{"taxonomy":"category","embeddable":true,"href":"https:\/\/rna.ao\/rna.ao\/wp-json\/wp\/v2\/categories?post=104025"},{"taxonomy":"post_tag","embeddable":true,"href":"https:\/\/rna.ao\/rna.ao\/wp-json\/wp\/v2\/tags?post=104025"}],"curies":[{"name":"wp","href":"https:\/\/api.w.org\/{rel}","templated":true}]}}