{"id":10402,"date":"2020-11-03T03:34:37","date_gmt":"2020-11-03T02:34:37","guid":{"rendered":"https:\/\/rna.ao\/rna.ao\/?p=10402"},"modified":"2020-11-03T09:05:13","modified_gmt":"2020-11-03T08:05:13","slug":"partido-do-galo-negro-acusa-deputado-demissionario-david-mendes-de-ter-agenda-contra-unita","status":"publish","type":"post","link":"https:\/\/rna.ao\/rna.ao\/2020\/11\/03\/partido-do-galo-negro-acusa-deputado-demissionario-david-mendes-de-ter-agenda-contra-unita\/","title":{"rendered":"Partido do Galo Negro acusa deputado David Mendes de ter agenda contra UNITA"},"content":{"rendered":"<p><img loading=\"lazy\" class=\" wp-image-10405 alignleft\" src=\"https:\/\/rna.ao\/rna.ao\/wp-content\/uploads\/2020\/11\/David-Mendes-deputado.jpg\" alt=\"\" width=\"280\" height=\"187\" \/>A Bancada Parlamentar da UNITA acusa o deputado David Mendes (na foto), de ter uma agenda pol\u00edtica contra o seu partido.<\/p>\n<p>A acusa\u00e7\u00e3o da Bancada Parlamentar do partido do &#8220;Galo Negro&#8221; surge, depois de o deputado David Mendes ter anunciado, para esta ter\u00e7a-feira, 03 de Novembro, a desvincula\u00e7\u00e3o da UNITA. Clique no \u00e1udio, em baixo, e saiba mais na reportagem:<\/p>\n\t<div class=\"qtmplayer-playlist-large\">\n\t\t<ul class=\"qtmplayer-playlist\">\n\t\t\t\n\t\t\t\t\t<li class=\"qtmplayer-trackitem\">\n\t\t<img src=\"https:\/\/rna.ao\/rna.ao\/wp-content\/uploads\/2020\/11\/Bancada-parlamentar-da-UNITA-100x100.jpg\" alt=\"cover\">\t\t<span \t\t\tdata-qtmplayer-cover=\"https:\/\/rna.ao\/rna.ao\/wp-content\/uploads\/2020\/11\/Bancada-parlamentar-da-UNITA.jpg\"\n\t\t\t\t\t\tdata-qtmplayer-file=\"https:\/\/rna.ao\/rna.ao\/wp-content\/uploads\/2020\/11\/ANTONIO-CHOCOLATE.mp3\"\n\t\t\t\t\t\tdata-qtmplayer-title=\"Partido do Galo Negro acusa deputado David Mendes de ter agenda contra UNITA\"\n\t\t\t\t\t\tdata-qtmplayer-artist=\"RNA\"\n\t\t\t\t\t\tdata-qtmplayer-link=\"https:\/\/rna.ao\/rna.ao\/2020\/11\/03\/partido-do-galo-negro-acusa-deputado-demissionario-david-mendes-de-ter-agenda-contra-unita\/\"\n\t\t\t\t\t\tdata-qtmplayer-icon=\"file_download\"\n\t\t\t\t\t\tdata-qtmplayer-type=\"track\"\n\t\t\t class=\"qtmplayer-play qtmplayer-link-sec qtmplayer-play-btn\"><i class='material-icons'>play_arrow<\/i><\/span>\n\t\t<p>\n\t\t\t<span class=\"qtmplayer-tit\">Partido do Galo Negro acusa deputado David Mendes de ter agenda contra UNITA<\/span>\n\t\t\t<span class=\"qtmplayer-art\">RNA<\/span>\n\t\t<\/p>\n\t<\/li>\n\t\t<\/ul>\n\t<\/div>\t\t\t\n\t\n<p>Fonte: RNA &#8211; Jornalista Ant\u00f3nio Chocolate<\/p>\n","protected":false},"excerpt":{"rendered":"<p>A Bancada Parlamentar da UNITA acusa o deputado David Mendes (na foto), de ter uma agenda pol\u00edtica contra o seu partido. A acusa\u00e7\u00e3o da Bancada Parlamentar do partido do &#8220;Galo Negro&#8221; surge, depois de o deputado David Mendes ter anunciado, para esta ter\u00e7a-feira, 03 de Novembro, a desvincula\u00e7\u00e3o da UNITA. ...<\/p>\n","protected":false},"author":8,"featured_media":10404,"comment_status":"closed","ping_status":"closed","sticky":false,"template":"","format":"standard","meta":[],"categories":[121,163],"tags":[],"_links":{"self":[{"href":"https:\/\/rna.ao\/rna.ao\/wp-json\/wp\/v2\/posts\/10402"}],"collection":[{"href":"https:\/\/rna.ao\/rna.ao\/wp-json\/wp\/v2\/posts"}],"about":[{"href":"https:\/\/rna.ao\/rna.ao\/wp-json\/wp\/v2\/types\/post"}],"author":[{"embeddable":true,"href":"https:\/\/rna.ao\/rna.ao\/wp-json\/wp\/v2\/users\/8"}],"replies":[{"embeddable":true,"href":"https:\/\/rna.ao\/rna.ao\/wp-json\/wp\/v2\/comments?post=10402"}],"version-history":[{"count":4,"href":"https:\/\/rna.ao\/rna.ao\/wp-json\/wp\/v2\/posts\/10402\/revisions"}],"predecessor-version":[{"id":10409,"href":"https:\/\/rna.ao\/rna.ao\/wp-json\/wp\/v2\/posts\/10402\/revisions\/10409"}],"wp:featuredmedia":[{"embeddable":true,"href":"https:\/\/rna.ao\/rna.ao\/wp-json\/wp\/v2\/media\/10404"}],"wp:attachment":[{"href":"https:\/\/rna.ao\/rna.ao\/wp-json\/wp\/v2\/media?parent=10402"}],"wp:term":[{"taxonomy":"category","embeddable":true,"href":"https:\/\/rna.ao\/rna.ao\/wp-json\/wp\/v2\/categories?post=10402"},{"taxonomy":"post_tag","embeddable":true,"href":"https:\/\/rna.ao\/rna.ao\/wp-json\/wp\/v2\/tags?post=10402"}],"curies":[{"name":"wp","href":"https:\/\/api.w.org\/{rel}","templated":true}]}}