{"id":10397,"date":"2020-11-03T03:14:59","date_gmt":"2020-11-03T02:14:59","guid":{"rendered":"https:\/\/rna.ao\/rna.ao\/?p=10397"},"modified":"2020-11-03T03:14:59","modified_gmt":"2020-11-03T02:14:59","slug":"trabalhadores-e-comissao-sindical-da-sociedade-mineira-de-chitotolo-voltam-a-reunir-hoje","status":"publish","type":"post","link":"https:\/\/rna.ao\/rna.ao\/2020\/11\/03\/trabalhadores-e-comissao-sindical-da-sociedade-mineira-de-chitotolo-voltam-a-reunir-hoje\/","title":{"rendered":"Trabalhadores e Comiss\u00e3o Sindical da Sociedade Mineira de Chitotolo voltam a reunir hoje"},"content":{"rendered":"<p><img loading=\"lazy\" class=\"size-full wp-image-10399 alignleft\" src=\"https:\/\/rna.ao\/rna.ao\/wp-content\/uploads\/2020\/11\/Chitotolo.jpg\" alt=\"\" width=\"192\" height=\"192\" srcset=\"https:\/\/rna.ao\/rna.ao\/wp-content\/uploads\/2020\/11\/Chitotolo.jpg 192w, https:\/\/rna.ao\/rna.ao\/wp-content\/uploads\/2020\/11\/Chitotolo-150x150.jpg 150w, https:\/\/rna.ao\/rna.ao\/wp-content\/uploads\/2020\/11\/Chitotolo-100x100.jpg 100w\" sizes=\"(max-width: 192px) 100vw, 192px\" \/><\/p>\n<p>A Comiss\u00e3o crida pelo Governo Provincial da Lunda-Norte, para a media\u00e7\u00e3o do diferendo que op\u00f5e os trabalhadores da Sociedade Mineira de Chitotolo e a actual Comiss\u00e3o Sindical, remarcaram para esta ter\u00e7a-feira, 03 de Novembro, um encontro com as partes, para busca de consenso.<\/p>\n<p>Os trabalhadores, acusam a actual Comiss\u00e3o Sindical de fazer movimentos com o dinheiro do fundo, sem a autoriza\u00e7\u00e3o de uma assembleia. Clique no \u00e1udio, em baixo, e acompanhe mais detalhes na reportagem:<\/p>\n\t<div class=\"qtmplayer-playlist-large\">\n\t\t<ul class=\"qtmplayer-playlist\">\n\t\t\t\n\t\t\t\t\t<li class=\"qtmplayer-trackitem\">\n\t\t<img src=\"https:\/\/rna.ao\/rna.ao\/wp-content\/uploads\/2020\/11\/Chitotolo-2-100x100.jpg\" alt=\"cover\">\t\t<span \t\t\tdata-qtmplayer-cover=\"https:\/\/rna.ao\/rna.ao\/wp-content\/uploads\/2020\/11\/Chitotolo-2.jpg\"\n\t\t\t\t\t\tdata-qtmplayer-file=\"https:\/\/rna.ao\/rna.ao\/wp-content\/uploads\/2020\/11\/FLAVIO-MADEIRA.mp3\"\n\t\t\t\t\t\tdata-qtmplayer-title=\"Trabalhadores e Comiss\u00e3o Sindical da Sociedade Mineira de Chitotolo voltam a reunir hoje\"\n\t\t\t\t\t\tdata-qtmplayer-artist=\"RNA\"\n\t\t\t\t\t\tdata-qtmplayer-link=\"https:\/\/rna.ao\/rna.ao\/2020\/11\/03\/trabalhadores-e-comissao-sindical-da-sociedade-mineira-de-chitotolo-voltam-a-reunir-hoje\/\"\n\t\t\t\t\t\tdata-qtmplayer-icon=\"file_download\"\n\t\t\t\t\t\tdata-qtmplayer-type=\"track\"\n\t\t\t class=\"qtmplayer-play qtmplayer-link-sec qtmplayer-play-btn\"><i class='material-icons'>play_arrow<\/i><\/span>\n\t\t<p>\n\t\t\t<span class=\"qtmplayer-tit\">Trabalhadores e Comiss\u00e3o Sindical da Sociedade Mineira de Chitotolo voltam a reunir hoje<\/span>\n\t\t\t<span class=\"qtmplayer-art\">RNA<\/span>\n\t\t<\/p>\n\t<\/li>\n\t\t<\/ul>\n\t<\/div>\t\t\t\n\t\n<p>Fonte: RNA &#8211; Jornalista Fl\u00e1vio Madeira<\/p>\n","protected":false},"excerpt":{"rendered":"<p>A Comiss\u00e3o crida pelo Governo Provincial da Lunda-Norte, para a media\u00e7\u00e3o do diferendo que op\u00f5e os trabalhadores da Sociedade Mineira de Chitotolo e a actual Comiss\u00e3o Sindical, remarcaram para esta ter\u00e7a-feira, 03 de Novembro, um encontro com as partes, para busca de consenso. Os trabalhadores, acusam a actual Comiss\u00e3o Sindical ...<\/p>\n","protected":false},"author":8,"featured_media":10400,"comment_status":"closed","ping_status":"closed","sticky":false,"template":"","format":"standard","meta":[],"categories":[142,121,163],"tags":[],"_links":{"self":[{"href":"https:\/\/rna.ao\/rna.ao\/wp-json\/wp\/v2\/posts\/10397"}],"collection":[{"href":"https:\/\/rna.ao\/rna.ao\/wp-json\/wp\/v2\/posts"}],"about":[{"href":"https:\/\/rna.ao\/rna.ao\/wp-json\/wp\/v2\/types\/post"}],"author":[{"embeddable":true,"href":"https:\/\/rna.ao\/rna.ao\/wp-json\/wp\/v2\/users\/8"}],"replies":[{"embeddable":true,"href":"https:\/\/rna.ao\/rna.ao\/wp-json\/wp\/v2\/comments?post=10397"}],"version-history":[{"count":1,"href":"https:\/\/rna.ao\/rna.ao\/wp-json\/wp\/v2\/posts\/10397\/revisions"}],"predecessor-version":[{"id":10401,"href":"https:\/\/rna.ao\/rna.ao\/wp-json\/wp\/v2\/posts\/10397\/revisions\/10401"}],"wp:featuredmedia":[{"embeddable":true,"href":"https:\/\/rna.ao\/rna.ao\/wp-json\/wp\/v2\/media\/10400"}],"wp:attachment":[{"href":"https:\/\/rna.ao\/rna.ao\/wp-json\/wp\/v2\/media?parent=10397"}],"wp:term":[{"taxonomy":"category","embeddable":true,"href":"https:\/\/rna.ao\/rna.ao\/wp-json\/wp\/v2\/categories?post=10397"},{"taxonomy":"post_tag","embeddable":true,"href":"https:\/\/rna.ao\/rna.ao\/wp-json\/wp\/v2\/tags?post=10397"}],"curies":[{"name":"wp","href":"https:\/\/api.w.org\/{rel}","templated":true}]}}