{"id":10391,"date":"2020-11-03T03:42:33","date_gmt":"2020-11-03T02:42:33","guid":{"rendered":"https:\/\/rna.ao\/rna.ao\/?p=10391"},"modified":"2020-11-03T04:05:19","modified_gmt":"2020-11-03T03:05:19","slug":"municipio-do-luau-necessita-urgente-de-um-novo-hospital","status":"publish","type":"post","link":"https:\/\/rna.ao\/rna.ao\/2020\/11\/03\/municipio-do-luau-necessita-urgente-de-um-novo-hospital\/","title":{"rendered":"Munic\u00edpio do Luau necessita urgente de um novo hospital"},"content":{"rendered":"<p><img loading=\"lazy\" class=\"size-full wp-image-6256 alignleft\" src=\"https:\/\/rna.ao\/rna.ao\/wp-content\/uploads\/2020\/10\/Silvia-Lutucuta-5.jpg\" alt=\"\" width=\"271\" height=\"252\" \/>A Ministra da Sa\u00fade, S\u00edlvia Lutucuta, disse que o Munic\u00edpio do Luau necessita, urgentemente, de um novo hospital porque o anterior foi danificado pela chuva, que caiu no \u00faltimo s\u00e1bado sobre a Prov\u00edncia do Moxico.<\/p>\n<p>Os pacientes foram evacuado, para um hospital de campanha, onde n\u00e3o existem condi\u00e7\u00f5es de trabalho. Clique no \u00e1udio, em baixo, e ou\u00e7a com mais desenvolvimento na reportagem:<\/p>\n\t<div class=\"qtmplayer-playlist-large\">\n\t\t<ul class=\"qtmplayer-playlist\">\n\t\t\t\n\t\t\t\t\t<li class=\"qtmplayer-trackitem\">\n\t\t<img src=\"https:\/\/rna.ao\/rna.ao\/wp-content\/uploads\/2020\/11\/Silvia-Lutucuta-bombom-100x100.jpg\" alt=\"cover\">\t\t<span \t\t\tdata-qtmplayer-cover=\"https:\/\/rna.ao\/rna.ao\/wp-content\/uploads\/2020\/11\/Silvia-Lutucuta-bombom.jpg\"\n\t\t\t\t\t\tdata-qtmplayer-file=\"https:\/\/rna.ao\/rna.ao\/wp-content\/uploads\/2020\/11\/ILIDIO-SERGIO.mp3\"\n\t\t\t\t\t\tdata-qtmplayer-title=\"Munic\u00edpio do Luau necessita urgente de um novo hospital\"\n\t\t\t\t\t\tdata-qtmplayer-artist=\"RNA\"\n\t\t\t\t\t\tdata-qtmplayer-link=\"https:\/\/rna.ao\/rna.ao\/2020\/11\/03\/municipio-do-luau-necessita-urgente-de-um-novo-hospital\/\"\n\t\t\t\t\t\tdata-qtmplayer-icon=\"file_download\"\n\t\t\t\t\t\tdata-qtmplayer-type=\"track\"\n\t\t\t class=\"qtmplayer-play qtmplayer-link-sec qtmplayer-play-btn\"><i class='material-icons'>play_arrow<\/i><\/span>\n\t\t<p>\n\t\t\t<span class=\"qtmplayer-tit\">Munic\u00edpio do Luau necessita urgente de um novo hospital<\/span>\n\t\t\t<span class=\"qtmplayer-art\">RNA<\/span>\n\t\t<\/p>\n\t<\/li>\n\t\t<\/ul>\n\t<\/div>\t\t\t\n\t\n<p>Fonte: RNA &#8211; Jornalista Il\u00eddio S\u00e9rgio<\/p>\n","protected":false},"excerpt":{"rendered":"<p>A Ministra da Sa\u00fade, S\u00edlvia Lutucuta, disse que o Munic\u00edpio do Luau necessita, urgentemente, de um novo hospital porque o anterior foi danificado pela chuva, que caiu no \u00faltimo s\u00e1bado sobre a Prov\u00edncia do Moxico. Os pacientes foram evacuado, para um hospital de campanha, onde n\u00e3o existem condi\u00e7\u00f5es de trabalho. ...<\/p>\n","protected":false},"author":8,"featured_media":10412,"comment_status":"closed","ping_status":"closed","sticky":false,"template":"","format":"standard","meta":[],"categories":[142,121,163],"tags":[],"_links":{"self":[{"href":"https:\/\/rna.ao\/rna.ao\/wp-json\/wp\/v2\/posts\/10391"}],"collection":[{"href":"https:\/\/rna.ao\/rna.ao\/wp-json\/wp\/v2\/posts"}],"about":[{"href":"https:\/\/rna.ao\/rna.ao\/wp-json\/wp\/v2\/types\/post"}],"author":[{"embeddable":true,"href":"https:\/\/rna.ao\/rna.ao\/wp-json\/wp\/v2\/users\/8"}],"replies":[{"embeddable":true,"href":"https:\/\/rna.ao\/rna.ao\/wp-json\/wp\/v2\/comments?post=10391"}],"version-history":[{"count":1,"href":"https:\/\/rna.ao\/rna.ao\/wp-json\/wp\/v2\/posts\/10391\/revisions"}],"predecessor-version":[{"id":10411,"href":"https:\/\/rna.ao\/rna.ao\/wp-json\/wp\/v2\/posts\/10391\/revisions\/10411"}],"wp:featuredmedia":[{"embeddable":true,"href":"https:\/\/rna.ao\/rna.ao\/wp-json\/wp\/v2\/media\/10412"}],"wp:attachment":[{"href":"https:\/\/rna.ao\/rna.ao\/wp-json\/wp\/v2\/media?parent=10391"}],"wp:term":[{"taxonomy":"category","embeddable":true,"href":"https:\/\/rna.ao\/rna.ao\/wp-json\/wp\/v2\/categories?post=10391"},{"taxonomy":"post_tag","embeddable":true,"href":"https:\/\/rna.ao\/rna.ao\/wp-json\/wp\/v2\/tags?post=10391"}],"curies":[{"name":"wp","href":"https:\/\/api.w.org\/{rel}","templated":true}]}}