{"id":103902,"date":"2023-05-24T06:51:01","date_gmt":"2023-05-24T05:51:01","guid":{"rendered":"https:\/\/rna.ao\/rna.ao\/?p=103902"},"modified":"2023-05-24T07:10:50","modified_gmt":"2023-05-24T06:10:50","slug":"seleccao-nacional-junior-de-andebol-arregaca-as-mangas-e-inicia-a-preparacao-do-mundial-deste-ano","status":"publish","type":"post","link":"https:\/\/rna.ao\/rna.ao\/2023\/05\/24\/seleccao-nacional-junior-de-andebol-arregaca-as-mangas-e-inicia-a-preparacao-do-mundial-deste-ano\/","title":{"rendered":"Selec\u00e7\u00e3o nacional j\u00fanior de Andebol arrega\u00e7a as mangas e inicia prepara\u00e7\u00e3o do mundial deste ano"},"content":{"rendered":"<p style=\"font-weight: 400;\"><img loading=\"lazy\" class=\"size-medium wp-image-6693 aligncenter\" src=\"https:\/\/rna.ao\/rna.ao\/wp-content\/uploads\/2020\/10\/andebol-bola-770x433.jpg\" alt=\"\" width=\"770\" height=\"433\" srcset=\"https:\/\/rna.ao\/rna.ao\/wp-content\/uploads\/2020\/10\/andebol-bola-770x433.jpg 770w, https:\/\/rna.ao\/rna.ao\/wp-content\/uploads\/2020\/10\/andebol-bola-1170x658.jpg 1170w, https:\/\/rna.ao\/rna.ao\/wp-content\/uploads\/2020\/10\/andebol-bola-768x432.jpg 768w, https:\/\/rna.ao\/rna.ao\/wp-content\/uploads\/2020\/10\/andebol-bola-1536x864.jpg 1536w, https:\/\/rna.ao\/rna.ao\/wp-content\/uploads\/2020\/10\/andebol-bola.jpg 1600w\" sizes=\"(max-width: 770px) 100vw, 770px\" \/>A sele\u00e7\u00e3o nacional j\u00fanior masculina come\u00e7a hoje, 24 de Maio, a esbo\u00e7ar no Pavilh\u00e3o da Cidadela Desportiva, a sua participa\u00e7\u00e3o no mundial da modalidade que acontece de 20 de Junho \u00e0 2 de Julho pr\u00f3ximo, na Alemanha e Gr\u00e9cia.<\/p>\n<p style=\"font-weight: 400;\">William de Almeida, selecionador nacional, tra\u00e7a o programa de prepara\u00e7\u00e3o do combinado nacional em solo p\u00e1trio antes da viagem para Portugal, no cumprimento do est\u00e1gio pr\u00e9-competitivo. Clique no \u00e1udio e ou\u00e7a:<\/p>\n\t<div class=\"qtmplayer-playlist-large\">\n\t\t<ul class=\"qtmplayer-playlist\">\n\t\t\t\n\t\t\t\t\t<li class=\"qtmplayer-trackitem\">\n\t\t<img src=\"https:\/\/rna.ao\/rna.ao\/wp-content\/uploads\/2020\/10\/andebol-bola-100x100.jpg\" alt=\"cover\">\t\t<span \t\t\tdata-qtmplayer-cover=\"https:\/\/rna.ao\/rna.ao\/wp-content\/uploads\/2020\/10\/andebol-bola-370x370.jpg\"\n\t\t\t\t\t\tdata-qtmplayer-file=\"https:\/\/rna.ao\/rna.ao\/wp-content\/uploads\/2023\/05\/1-WILLIAM-DE-ALMEIDA-2405-23.mp3\"\n\t\t\t\t\t\tdata-qtmplayer-title=\"Selec\u00e7\u00e3o nacional j\u00fanior de Andebol arrega\u00e7a as mangas e inicia prepara\u00e7\u00e3o do mundial deste ano\"\n\t\t\t\t\t\tdata-qtmplayer-artist=\"RNA\"\n\t\t\t\t\t\tdata-qtmplayer-link=\"https:\/\/rna.ao\/rna.ao\/2023\/05\/24\/seleccao-nacional-junior-de-andebol-arregaca-as-mangas-e-inicia-a-preparacao-do-mundial-deste-ano\/\"\n\t\t\t\t\t\tdata-qtmplayer-icon=\"file_download\"\n\t\t\t\t\t\tdata-qtmplayer-type=\"track\"\n\t\t\t class=\"qtmplayer-play qtmplayer-link-sec qtmplayer-play-btn\"><i class='material-icons'>play_arrow<\/i><\/span>\n\t\t<p>\n\t\t\t<span class=\"qtmplayer-tit\">Selec\u00e7\u00e3o nacional j\u00fanior de Andebol arrega\u00e7a as mangas e inicia prepara\u00e7\u00e3o do mundial deste ano<\/span>\n\t\t\t<span class=\"qtmplayer-art\">RNA<\/span>\n\t\t<\/p>\n\t<\/li>\n\t\t<\/ul>\n\t<\/div>\t\t\t\n\t\n<p style=\"font-weight: 400;\">E Jos\u00e9 do Amaral J\u00fanior Maninho, Presidente da Federa\u00e7\u00e3o Angolana de Andebol, garante o est\u00e1gio da sele\u00e7\u00e3o nacional em terras lusas. Clique no \u00e1udio e ou\u00e7a:<\/p>\n\t<div class=\"qtmplayer-playlist-large\">\n\t\t<ul class=\"qtmplayer-playlist\">\n\t\t\t\n\t\t\t\t\t<li class=\"qtmplayer-trackitem\">\n\t\t<img src=\"https:\/\/rna.ao\/rna.ao\/wp-content\/uploads\/2020\/10\/andebol-bola-100x100.jpg\" alt=\"cover\">\t\t<span \t\t\tdata-qtmplayer-cover=\"https:\/\/rna.ao\/rna.ao\/wp-content\/uploads\/2020\/10\/andebol-bola-370x370.jpg\"\n\t\t\t\t\t\tdata-qtmplayer-file=\"https:\/\/rna.ao\/rna.ao\/wp-content\/uploads\/2023\/05\/2-JOSE-DO-AMARAL-MANINHO-24-05-23.mp3\"\n\t\t\t\t\t\tdata-qtmplayer-title=\"Selec\u00e7\u00e3o nacional j\u00fanior de Andebol arrega\u00e7a as mangas e inicia prepara\u00e7\u00e3o do mundial deste ano\"\n\t\t\t\t\t\tdata-qtmplayer-artist=\"RNA\"\n\t\t\t\t\t\tdata-qtmplayer-link=\"https:\/\/rna.ao\/rna.ao\/2023\/05\/24\/seleccao-nacional-junior-de-andebol-arregaca-as-mangas-e-inicia-a-preparacao-do-mundial-deste-ano\/\"\n\t\t\t\t\t\tdata-qtmplayer-icon=\"file_download\"\n\t\t\t\t\t\tdata-qtmplayer-type=\"track\"\n\t\t\t class=\"qtmplayer-play qtmplayer-link-sec qtmplayer-play-btn\"><i class='material-icons'>play_arrow<\/i><\/span>\n\t\t<p>\n\t\t\t<span class=\"qtmplayer-tit\">Selec\u00e7\u00e3o nacional j\u00fanior de Andebol arrega\u00e7a as mangas e inicia prepara\u00e7\u00e3o do mundial deste ano<\/span>\n\t\t\t<span class=\"qtmplayer-art\">RNA<\/span>\n\t\t<\/p>\n\t<\/li>\n\t\t<\/ul>\n\t<\/div>\t\t\t\n\t\n<p style=\"font-weight: 400;\">De referir que, na prova mundial o combinado nacional figura no grupo \u2013 D, ao lado da Espanha, Ilhas Faro\u00e9 e Jap\u00e3o.<\/p>\n<p>Fonte: R\u00e1dio 5\/RNA<\/p>\n","protected":false},"excerpt":{"rendered":"<p>A sele\u00e7\u00e3o nacional j\u00fanior masculina come\u00e7a hoje, 24 de Maio, a esbo\u00e7ar no Pavilh\u00e3o da Cidadela Desportiva, a sua participa\u00e7\u00e3o no mundial da modalidade que acontece de 20 de Junho \u00e0 2 de Julho pr\u00f3ximo, na Alemanha e Gr\u00e9cia. William de Almeida, selecionador nacional, tra\u00e7a o programa de prepara\u00e7\u00e3o do ...<\/p>\n","protected":false},"author":8,"featured_media":6693,"comment_status":"closed","ping_status":"closed","sticky":false,"template":"","format":"standard","meta":[],"categories":[145,125,164],"tags":[],"_links":{"self":[{"href":"https:\/\/rna.ao\/rna.ao\/wp-json\/wp\/v2\/posts\/103902"}],"collection":[{"href":"https:\/\/rna.ao\/rna.ao\/wp-json\/wp\/v2\/posts"}],"about":[{"href":"https:\/\/rna.ao\/rna.ao\/wp-json\/wp\/v2\/types\/post"}],"author":[{"embeddable":true,"href":"https:\/\/rna.ao\/rna.ao\/wp-json\/wp\/v2\/users\/8"}],"replies":[{"embeddable":true,"href":"https:\/\/rna.ao\/rna.ao\/wp-json\/wp\/v2\/comments?post=103902"}],"version-history":[{"count":2,"href":"https:\/\/rna.ao\/rna.ao\/wp-json\/wp\/v2\/posts\/103902\/revisions"}],"predecessor-version":[{"id":103911,"href":"https:\/\/rna.ao\/rna.ao\/wp-json\/wp\/v2\/posts\/103902\/revisions\/103911"}],"wp:featuredmedia":[{"embeddable":true,"href":"https:\/\/rna.ao\/rna.ao\/wp-json\/wp\/v2\/media\/6693"}],"wp:attachment":[{"href":"https:\/\/rna.ao\/rna.ao\/wp-json\/wp\/v2\/media?parent=103902"}],"wp:term":[{"taxonomy":"category","embeddable":true,"href":"https:\/\/rna.ao\/rna.ao\/wp-json\/wp\/v2\/categories?post=103902"},{"taxonomy":"post_tag","embeddable":true,"href":"https:\/\/rna.ao\/rna.ao\/wp-json\/wp\/v2\/tags?post=103902"}],"curies":[{"name":"wp","href":"https:\/\/api.w.org\/{rel}","templated":true}]}}