{"id":10384,"date":"2020-11-03T02:07:48","date_gmt":"2020-11-03T01:07:48","guid":{"rendered":"https:\/\/rna.ao\/rna.ao\/?p=10384"},"modified":"2020-11-03T02:09:11","modified_gmt":"2020-11-03T01:09:11","slug":"covid-19-pais-regista-3-mortes-nas-ultimas-24-horas-mas-numero-de-recuperados-continua-crescer","status":"publish","type":"post","link":"https:\/\/rna.ao\/rna.ao\/2020\/11\/03\/covid-19-pais-regista-3-mortes-nas-ultimas-24-horas-mas-numero-de-recuperados-continua-crescer\/","title":{"rendered":"Covid-19: Tr\u00eas mortes nas \u00faltimas 24 horas mas n\u00famero de recuperados continua crescer"},"content":{"rendered":"<p><img loading=\"lazy\" class=\" wp-image-10005 alignleft\" src=\"https:\/\/rna.ao\/rna.ao\/wp-content\/uploads\/2020\/10\/Franco-Mufinda-222-1.jpg\" alt=\"\" width=\"274\" height=\"183\" \/>Angola registou, nas \u00faltimas vinte e quatro horas, cento e noventa e tr\u00eas novos infectados, pela Covid-19, mas o n\u00famero de doentes recuperados continua a crescer a um ritmo assinal\u00e1vel.<\/p>\n<p>De acordo com o Secret\u00e1rio de Estado da Sa\u00fade, Franco Mufinda, que falava segunda-feira, 02\/11, no habitual balan\u00e7o di\u00e1rio, sobre o estado da pandemia no mais, foram registados, neste dia, tr\u00eas mortos. Clique no \u00e1udio, em baixo, e ou\u00e7a:<\/p>\n\t<div class=\"qtmplayer-playlist-large\">\n\t\t<ul class=\"qtmplayer-playlist\">\n\t\t\t\n\t\t\t\t\t<li class=\"qtmplayer-trackitem\">\n\t\t<img src=\"https:\/\/rna.ao\/rna.ao\/wp-content\/uploads\/2020\/10\/Franco-Mufinda-222-1-100x100.jpg\" alt=\"cover\">\t\t<span \t\t\tdata-qtmplayer-cover=\"https:\/\/rna.ao\/rna.ao\/wp-content\/uploads\/2020\/10\/Franco-Mufinda-222-1.jpg\"\n\t\t\t\t\t\tdata-qtmplayer-file=\"https:\/\/rna.ao\/rna.ao\/wp-content\/uploads\/2020\/11\/FRANCO-MUFINDA-1.mp3\"\n\t\t\t\t\t\tdata-qtmplayer-title=\"Covid-19: Tr\u00eas mortes nas \u00faltimas 24 horas mas n\u00famero de recuperados continua crescer\"\n\t\t\t\t\t\tdata-qtmplayer-artist=\"RNA\"\n\t\t\t\t\t\tdata-qtmplayer-link=\"https:\/\/rna.ao\/rna.ao\/2020\/11\/03\/covid-19-pais-regista-3-mortes-nas-ultimas-24-horas-mas-numero-de-recuperados-continua-crescer\/\"\n\t\t\t\t\t\tdata-qtmplayer-icon=\"file_download\"\n\t\t\t\t\t\tdata-qtmplayer-type=\"track\"\n\t\t\t class=\"qtmplayer-play qtmplayer-link-sec qtmplayer-play-btn\"><i class='material-icons'>play_arrow<\/i><\/span>\n\t\t<p>\n\t\t\t<span class=\"qtmplayer-tit\">Covid-19: Tr\u00eas mortes nas \u00faltimas 24 horas mas n\u00famero de recuperados continua crescer<\/span>\n\t\t\t<span class=\"qtmplayer-art\">RNA<\/span>\n\t\t<\/p>\n\t<\/li>\n\t\t<\/ul>\n\t<\/div>\t\t\t\n\t\n<p>Fonte: RNA<\/p>\n","protected":false},"excerpt":{"rendered":"<p>Angola registou, nas \u00faltimas vinte e quatro horas, cento e noventa e tr\u00eas novos infectados, pela Covid-19, mas o n\u00famero de doentes recuperados continua a crescer a um ritmo assinal\u00e1vel. De acordo com o Secret\u00e1rio de Estado da Sa\u00fade, Franco Mufinda, que falava segunda-feira, 02\/11, no habitual balan\u00e7o di\u00e1rio, sobre ...<\/p>\n","protected":false},"author":8,"featured_media":10005,"comment_status":"closed","ping_status":"closed","sticky":false,"template":"","format":"standard","meta":[],"categories":[121,141],"tags":[],"_links":{"self":[{"href":"https:\/\/rna.ao\/rna.ao\/wp-json\/wp\/v2\/posts\/10384"}],"collection":[{"href":"https:\/\/rna.ao\/rna.ao\/wp-json\/wp\/v2\/posts"}],"about":[{"href":"https:\/\/rna.ao\/rna.ao\/wp-json\/wp\/v2\/types\/post"}],"author":[{"embeddable":true,"href":"https:\/\/rna.ao\/rna.ao\/wp-json\/wp\/v2\/users\/8"}],"replies":[{"embeddable":true,"href":"https:\/\/rna.ao\/rna.ao\/wp-json\/wp\/v2\/comments?post=10384"}],"version-history":[{"count":2,"href":"https:\/\/rna.ao\/rna.ao\/wp-json\/wp\/v2\/posts\/10384\/revisions"}],"predecessor-version":[{"id":10387,"href":"https:\/\/rna.ao\/rna.ao\/wp-json\/wp\/v2\/posts\/10384\/revisions\/10387"}],"wp:featuredmedia":[{"embeddable":true,"href":"https:\/\/rna.ao\/rna.ao\/wp-json\/wp\/v2\/media\/10005"}],"wp:attachment":[{"href":"https:\/\/rna.ao\/rna.ao\/wp-json\/wp\/v2\/media?parent=10384"}],"wp:term":[{"taxonomy":"category","embeddable":true,"href":"https:\/\/rna.ao\/rna.ao\/wp-json\/wp\/v2\/categories?post=10384"},{"taxonomy":"post_tag","embeddable":true,"href":"https:\/\/rna.ao\/rna.ao\/wp-json\/wp\/v2\/tags?post=10384"}],"curies":[{"name":"wp","href":"https:\/\/api.w.org\/{rel}","templated":true}]}}