{"id":10380,"date":"2020-11-03T01:55:42","date_gmt":"2020-11-03T00:55:42","guid":{"rendered":"https:\/\/rna.ao\/rna.ao\/?p=10380"},"modified":"2020-11-03T01:55:42","modified_gmt":"2020-11-03T00:55:42","slug":"lunda-norte-populacao-pede-ao-governo-provincial-tres-cemiterios-e-um-velorio-novos","status":"publish","type":"post","link":"https:\/\/rna.ao\/rna.ao\/2020\/11\/03\/lunda-norte-populacao-pede-ao-governo-provincial-tres-cemiterios-e-um-velorio-novos\/","title":{"rendered":"Lunda-Norte: Popula\u00e7\u00e3o pede ao Governo provincial tr\u00eas cemit\u00e9rios e um vel\u00f3rio novos"},"content":{"rendered":"<p><img loading=\"lazy\" class=\"size-full wp-image-10382 alignleft\" src=\"https:\/\/rna.ao\/rna.ao\/wp-content\/uploads\/2020\/11\/casa-de-velorio.jpg\" alt=\"\" width=\"350\" height=\"250\" \/><\/p>\n<p>Os citadinos na Prov\u00edncia da Lunda-Norte est\u00e3o a pedir, ao Governo local, a constru\u00e7\u00e3o de pelo menos tr\u00eas novos cemit\u00e9rios e um vel\u00f3rio, que poder\u00e3o servir tamb\u00e9m para a arrecada\u00e7\u00e3o de receitas, para os Cofres do Estado. A aus\u00eancia destes servi\u00e7os naquela prov\u00edncia, tem criado alguns constrangimentos, em fun\u00e7\u00e3o do crescimento demogr\u00e1fico que se verifica, por l\u00e1. Clique no \u00e1udio, em baixo, e saiba mais na reportagem:<\/p>\n\t<div class=\"qtmplayer-playlist-large\">\n\t\t<ul class=\"qtmplayer-playlist\">\n\t\t\t\n\t\t\t\t\t<li class=\"qtmplayer-trackitem\">\n\t\t<img src=\"https:\/\/rna.ao\/rna.ao\/wp-content\/uploads\/2020\/11\/casa-de-velorio-100x100.jpg\" alt=\"cover\">\t\t<span \t\t\tdata-qtmplayer-cover=\"https:\/\/rna.ao\/rna.ao\/wp-content\/uploads\/2020\/11\/casa-de-velorio.jpg\"\n\t\t\t\t\t\tdata-qtmplayer-file=\"https:\/\/rna.ao\/rna.ao\/wp-content\/uploads\/2020\/11\/AMARO-JORGE.mp3\"\n\t\t\t\t\t\tdata-qtmplayer-title=\"Lunda-Norte: Popula\u00e7\u00e3o pede ao Governo provincial tr\u00eas cemit\u00e9rios e um vel\u00f3rio novos\"\n\t\t\t\t\t\tdata-qtmplayer-artist=\"RNA\"\n\t\t\t\t\t\tdata-qtmplayer-link=\"https:\/\/rna.ao\/rna.ao\/2020\/11\/03\/lunda-norte-populacao-pede-ao-governo-provincial-tres-cemiterios-e-um-velorio-novos\/\"\n\t\t\t\t\t\tdata-qtmplayer-icon=\"file_download\"\n\t\t\t\t\t\tdata-qtmplayer-type=\"track\"\n\t\t\t class=\"qtmplayer-play qtmplayer-link-sec qtmplayer-play-btn\"><i class='material-icons'>play_arrow<\/i><\/span>\n\t\t<p>\n\t\t\t<span class=\"qtmplayer-tit\">Lunda-Norte: Popula\u00e7\u00e3o pede ao Governo provincial tr\u00eas cemit\u00e9rios e um vel\u00f3rio novos<\/span>\n\t\t\t<span class=\"qtmplayer-art\">RNA<\/span>\n\t\t<\/p>\n\t<\/li>\n\t\t<\/ul>\n\t<\/div>\t\t\t\n\t\n<p>Fonte: RNA &#8211; Jornalista Amado Jorge<\/p>\n","protected":false},"excerpt":{"rendered":"<p>Os citadinos na Prov\u00edncia da Lunda-Norte est\u00e3o a pedir, ao Governo local, a constru\u00e7\u00e3o de pelo menos tr\u00eas novos cemit\u00e9rios e um vel\u00f3rio, que poder\u00e3o servir tamb\u00e9m para a arrecada\u00e7\u00e3o de receitas, para os Cofres do Estado. A aus\u00eancia destes servi\u00e7os naquela prov\u00edncia, tem criado alguns constrangimentos, em fun\u00e7\u00e3o do ...<\/p>\n","protected":false},"author":8,"featured_media":10382,"comment_status":"closed","ping_status":"closed","sticky":false,"template":"","format":"standard","meta":[],"categories":[142,121,164],"tags":[],"_links":{"self":[{"href":"https:\/\/rna.ao\/rna.ao\/wp-json\/wp\/v2\/posts\/10380"}],"collection":[{"href":"https:\/\/rna.ao\/rna.ao\/wp-json\/wp\/v2\/posts"}],"about":[{"href":"https:\/\/rna.ao\/rna.ao\/wp-json\/wp\/v2\/types\/post"}],"author":[{"embeddable":true,"href":"https:\/\/rna.ao\/rna.ao\/wp-json\/wp\/v2\/users\/8"}],"replies":[{"embeddable":true,"href":"https:\/\/rna.ao\/rna.ao\/wp-json\/wp\/v2\/comments?post=10380"}],"version-history":[{"count":1,"href":"https:\/\/rna.ao\/rna.ao\/wp-json\/wp\/v2\/posts\/10380\/revisions"}],"predecessor-version":[{"id":10383,"href":"https:\/\/rna.ao\/rna.ao\/wp-json\/wp\/v2\/posts\/10380\/revisions\/10383"}],"wp:featuredmedia":[{"embeddable":true,"href":"https:\/\/rna.ao\/rna.ao\/wp-json\/wp\/v2\/media\/10382"}],"wp:attachment":[{"href":"https:\/\/rna.ao\/rna.ao\/wp-json\/wp\/v2\/media?parent=10380"}],"wp:term":[{"taxonomy":"category","embeddable":true,"href":"https:\/\/rna.ao\/rna.ao\/wp-json\/wp\/v2\/categories?post=10380"},{"taxonomy":"post_tag","embeddable":true,"href":"https:\/\/rna.ao\/rna.ao\/wp-json\/wp\/v2\/tags?post=10380"}],"curies":[{"name":"wp","href":"https:\/\/api.w.org\/{rel}","templated":true}]}}