{"id":10364,"date":"2020-11-03T03:13:17","date_gmt":"2020-11-03T02:13:17","guid":{"rendered":"https:\/\/rna.ao\/rna.ao\/?p=10364"},"modified":"2020-11-03T04:13:19","modified_gmt":"2020-11-03T03:13:19","slug":"vamos-jogar-com-uma-seleccao-poderosa-pedro-goncalves","status":"publish","type":"post","link":"https:\/\/rna.ao\/rna.ao\/2020\/11\/03\/vamos-jogar-com-uma-seleccao-poderosa-pedro-goncalves\/","title":{"rendered":"\u201cVamos jogar com uma selec\u00e7\u00e3o poderosa\u201d \u2013 Pedro Gon\u00e7alves"},"content":{"rendered":"<p><img loading=\"lazy\" class=\"wp-image-7740 alignleft\" src=\"https:\/\/rna.ao\/rna.ao\/wp-content\/uploads\/2020\/10\/Pedro-Goncalves-1.jpg\" alt=\"\" width=\"313\" height=\"208\" \/><\/p>\n<p>O t\u00e9cnico da selec\u00e7\u00e3o angolanas de futebol s\u00e9nior masculina, Pedro Gon\u00e7alves, revelou que j\u00e1 tem alguns dados do seu advers\u00e1rio, a RDC, para poder trabalhar com os Palancas Negras.<\/p>\n<p>Falando segunda-feira, 02\/11, em Luanda, \u00e0 imprensa, Pedro Gon\u00e7alves disse que conhece bem o potencial e as valias da RDC, com quem vai jogar nos dias 14 e 17, em Kinshasa e Luanda, respectivamente. Clique no \u00e1udio, em baixo, e ou\u00e7a:<\/p>\n\t<div class=\"qtmplayer-playlist-large\">\n\t\t<ul class=\"qtmplayer-playlist\">\n\t\t\t\n\t\t\t\t\t<li class=\"qtmplayer-trackitem\">\n\t\t<img src=\"https:\/\/rna.ao\/rna.ao\/wp-content\/uploads\/2020\/10\/Pedro-Goncalves-1-100x100.jpg\" alt=\"cover\">\t\t<span \t\t\tdata-qtmplayer-cover=\"https:\/\/rna.ao\/rna.ao\/wp-content\/uploads\/2020\/10\/Pedro-Goncalves-1-370x370.jpg\"\n\t\t\t\t\t\tdata-qtmplayer-file=\"https:\/\/rna.ao\/rna.ao\/wp-content\/uploads\/2020\/11\/PEDRO-GONCALVES-2.mp3\"\n\t\t\t\t\t\tdata-qtmplayer-title=\"\u201cVamos jogar com uma selec\u00e7\u00e3o poderosa\u201d \u2013 Pedro Gon\u00e7alves\"\n\t\t\t\t\t\tdata-qtmplayer-artist=\"RNA\"\n\t\t\t\t\t\tdata-qtmplayer-link=\"https:\/\/rna.ao\/rna.ao\/2020\/11\/03\/vamos-jogar-com-uma-seleccao-poderosa-pedro-goncalves\/\"\n\t\t\t\t\t\tdata-qtmplayer-icon=\"file_download\"\n\t\t\t\t\t\tdata-qtmplayer-type=\"track\"\n\t\t\t class=\"qtmplayer-play qtmplayer-link-sec qtmplayer-play-btn\"><i class='material-icons'>play_arrow<\/i><\/span>\n\t\t<p>\n\t\t\t<span class=\"qtmplayer-tit\">\u201cVamos jogar com uma selec\u00e7\u00e3o poderosa\u201d \u2013 Pedro Gon\u00e7alves<\/span>\n\t\t\t<span class=\"qtmplayer-art\">RNA<\/span>\n\t\t<\/p>\n\t<\/li>\n\t\t<\/ul>\n\t<\/div>\t\t\t\n\t\n<p>Fonte: R\u00e1dio 5\/RNA<\/p>\n","protected":false},"excerpt":{"rendered":"<p>O t\u00e9cnico da selec\u00e7\u00e3o angolanas de futebol s\u00e9nior masculina, Pedro Gon\u00e7alves, revelou que j\u00e1 tem alguns dados do seu advers\u00e1rio, a RDC, para poder trabalhar com os Palancas Negras. Falando segunda-feira, 02\/11, em Luanda, \u00e0 imprensa, Pedro Gon\u00e7alves disse que conhece bem o potencial e as valias da RDC, com ...<\/p>\n","protected":false},"author":8,"featured_media":7740,"comment_status":"closed","ping_status":"closed","sticky":false,"template":"","format":"standard","meta":[],"categories":[145,125,163],"tags":[],"_links":{"self":[{"href":"https:\/\/rna.ao\/rna.ao\/wp-json\/wp\/v2\/posts\/10364"}],"collection":[{"href":"https:\/\/rna.ao\/rna.ao\/wp-json\/wp\/v2\/posts"}],"about":[{"href":"https:\/\/rna.ao\/rna.ao\/wp-json\/wp\/v2\/types\/post"}],"author":[{"embeddable":true,"href":"https:\/\/rna.ao\/rna.ao\/wp-json\/wp\/v2\/users\/8"}],"replies":[{"embeddable":true,"href":"https:\/\/rna.ao\/rna.ao\/wp-json\/wp\/v2\/comments?post=10364"}],"version-history":[{"count":3,"href":"https:\/\/rna.ao\/rna.ao\/wp-json\/wp\/v2\/posts\/10364\/revisions"}],"predecessor-version":[{"id":10415,"href":"https:\/\/rna.ao\/rna.ao\/wp-json\/wp\/v2\/posts\/10364\/revisions\/10415"}],"wp:featuredmedia":[{"embeddable":true,"href":"https:\/\/rna.ao\/rna.ao\/wp-json\/wp\/v2\/media\/7740"}],"wp:attachment":[{"href":"https:\/\/rna.ao\/rna.ao\/wp-json\/wp\/v2\/media?parent=10364"}],"wp:term":[{"taxonomy":"category","embeddable":true,"href":"https:\/\/rna.ao\/rna.ao\/wp-json\/wp\/v2\/categories?post=10364"},{"taxonomy":"post_tag","embeddable":true,"href":"https:\/\/rna.ao\/rna.ao\/wp-json\/wp\/v2\/tags?post=10364"}],"curies":[{"name":"wp","href":"https:\/\/api.w.org\/{rel}","templated":true}]}}