{"id":10360,"date":"2020-11-03T00:57:23","date_gmt":"2020-11-02T23:57:23","guid":{"rendered":"https:\/\/rna.ao\/rna.ao\/?p=10360"},"modified":"2020-11-03T00:57:23","modified_gmt":"2020-11-02T23:57:23","slug":"zini-e-a-novidade-nos-palancas-negras-para-o-duplo-compromisso-com-a-rdc","status":"publish","type":"post","link":"https:\/\/rna.ao\/rna.ao\/2020\/11\/03\/zini-e-a-novidade-nos-palancas-negras-para-o-duplo-compromisso-com-a-rdc\/","title":{"rendered":"Zini \u00e9 a novidade nos Palancas Negras para o duplo compromisso com a RDC"},"content":{"rendered":"<p><img loading=\"lazy\" class=\"alignnone size-full wp-image-10361\" src=\"https:\/\/rna.ao\/rna.ao\/wp-content\/uploads\/2020\/11\/Zini-futebol.jpg\" alt=\"\" width=\"324\" height=\"162\" \/><\/p>\n<p>Os Palancas Negras j\u00e1 foram convocados, para o duplo confronto com a RDC, na rota para o CAN de 2022, nos Camar\u00f5es.<\/p>\n<p>Na convocat\u00f3ria divulgada na tarde de segunda-feira, 02\/11, em Luanda, pelo t\u00e9cnico da selec\u00e7\u00e3o nacional, Pedro Gon\u00e7alves, o destaque vai para a entrada de Ambrosine Salvador \u201cZini\u201d, jogador do 1\u00bade Agosto, que actua como avan\u00e7ado.<\/p>\n<p>Pedro Gon\u00e7alves convocou 26 jogadores, que actuam nas equipas nacionais e fora do pa\u00eds. Clique no \u00e1udio, em baixo, e ou\u00e7a os nomes dos atletas:<\/p>\n\t<div class=\"qtmplayer-playlist-large\">\n\t\t<ul class=\"qtmplayer-playlist\">\n\t\t\t\n\t\t\t\t\t<li class=\"qtmplayer-trackitem\">\n\t\t<img src=\"https:\/\/rna.ao\/rna.ao\/wp-content\/uploads\/2020\/11\/Zini-futebol-100x100.jpg\" alt=\"cover\">\t\t<span \t\t\tdata-qtmplayer-cover=\"https:\/\/rna.ao\/rna.ao\/wp-content\/uploads\/2020\/11\/Zini-futebol.jpg\"\n\t\t\t\t\t\tdata-qtmplayer-file=\"https:\/\/rna.ao\/rna.ao\/wp-content\/uploads\/2020\/11\/PALANCAS-CONVOCADOS.mp3\"\n\t\t\t\t\t\tdata-qtmplayer-title=\"Zini \u00e9 a novidade nos Palancas Negras para o duplo compromisso com a RDC\"\n\t\t\t\t\t\tdata-qtmplayer-artist=\"RNA\"\n\t\t\t\t\t\tdata-qtmplayer-link=\"https:\/\/rna.ao\/rna.ao\/2020\/11\/03\/zini-e-a-novidade-nos-palancas-negras-para-o-duplo-compromisso-com-a-rdc\/\"\n\t\t\t\t\t\tdata-qtmplayer-icon=\"file_download\"\n\t\t\t\t\t\tdata-qtmplayer-type=\"track\"\n\t\t\t class=\"qtmplayer-play qtmplayer-link-sec qtmplayer-play-btn\"><i class='material-icons'>play_arrow<\/i><\/span>\n\t\t<p>\n\t\t\t<span class=\"qtmplayer-tit\">Zini \u00e9 a novidade nos Palancas Negras para o duplo compromisso com a RDC<\/span>\n\t\t\t<span class=\"qtmplayer-art\">RNA<\/span>\n\t\t<\/p>\n\t<\/li>\n\t\t<\/ul>\n\t<\/div>\t\t\t\n\t\n<p>Fonte: R\u00e1dio 5\/RNA<\/p>\n","protected":false},"excerpt":{"rendered":"<p>Os Palancas Negras j\u00e1 foram convocados, para o duplo confronto com a RDC, na rota para o CAN de 2022, nos Camar\u00f5es. Na convocat\u00f3ria divulgada na tarde de segunda-feira, 02\/11, em Luanda, pelo t\u00e9cnico da selec\u00e7\u00e3o nacional, Pedro Gon\u00e7alves, o destaque vai para a entrada de Ambrosine Salvador \u201cZini\u201d, jogador ...<\/p>\n","protected":false},"author":8,"featured_media":10361,"comment_status":"closed","ping_status":"closed","sticky":false,"template":"","format":"standard","meta":[],"categories":[145,125,163],"tags":[],"_links":{"self":[{"href":"https:\/\/rna.ao\/rna.ao\/wp-json\/wp\/v2\/posts\/10360"}],"collection":[{"href":"https:\/\/rna.ao\/rna.ao\/wp-json\/wp\/v2\/posts"}],"about":[{"href":"https:\/\/rna.ao\/rna.ao\/wp-json\/wp\/v2\/types\/post"}],"author":[{"embeddable":true,"href":"https:\/\/rna.ao\/rna.ao\/wp-json\/wp\/v2\/users\/8"}],"replies":[{"embeddable":true,"href":"https:\/\/rna.ao\/rna.ao\/wp-json\/wp\/v2\/comments?post=10360"}],"version-history":[{"count":1,"href":"https:\/\/rna.ao\/rna.ao\/wp-json\/wp\/v2\/posts\/10360\/revisions"}],"predecessor-version":[{"id":10363,"href":"https:\/\/rna.ao\/rna.ao\/wp-json\/wp\/v2\/posts\/10360\/revisions\/10363"}],"wp:featuredmedia":[{"embeddable":true,"href":"https:\/\/rna.ao\/rna.ao\/wp-json\/wp\/v2\/media\/10361"}],"wp:attachment":[{"href":"https:\/\/rna.ao\/rna.ao\/wp-json\/wp\/v2\/media?parent=10360"}],"wp:term":[{"taxonomy":"category","embeddable":true,"href":"https:\/\/rna.ao\/rna.ao\/wp-json\/wp\/v2\/categories?post=10360"},{"taxonomy":"post_tag","embeddable":true,"href":"https:\/\/rna.ao\/rna.ao\/wp-json\/wp\/v2\/tags?post=10360"}],"curies":[{"name":"wp","href":"https:\/\/api.w.org\/{rel}","templated":true}]}}