{"id":102960,"date":"2023-05-13T02:10:53","date_gmt":"2023-05-13T01:10:53","guid":{"rendered":"https:\/\/rna.ao\/rna.ao\/?p=102960"},"modified":"2023-05-13T03:38:58","modified_gmt":"2023-05-13T02:38:58","slug":"open-de-pretoria-em-judo-abre-hoje-lutadores-angolanos-prontos-para-medalhar-e-garantir-minimos-de-paris","status":"publish","type":"post","link":"https:\/\/rna.ao\/rna.ao\/2023\/05\/13\/open-de-pretoria-em-judo-abre-hoje-lutadores-angolanos-prontos-para-medalhar-e-garantir-minimos-de-paris\/","title":{"rendered":"Open de Pret\u00f3ria em judo abre hoje. Lutadores angolanos prontos para  medalhar e garantir m\u00ednimos de Paris"},"content":{"rendered":"<p style=\"font-weight: 400;\"><img loading=\"lazy\" class=\"size-medium wp-image-102964 aligncenter\" src=\"https:\/\/rna.ao\/rna.ao\/wp-content\/uploads\/2023\/05\/Taekwondo-1-770x513.jpg\" alt=\"\" width=\"770\" height=\"513\" srcset=\"https:\/\/rna.ao\/rna.ao\/wp-content\/uploads\/2023\/05\/Taekwondo-1-770x513.jpg 770w, https:\/\/rna.ao\/rna.ao\/wp-content\/uploads\/2023\/05\/Taekwondo-1-1170x779.jpg 1170w, https:\/\/rna.ao\/rna.ao\/wp-content\/uploads\/2023\/05\/Taekwondo-1-768x511.jpg 768w, https:\/\/rna.ao\/rna.ao\/wp-content\/uploads\/2023\/05\/Taekwondo-1.jpg 1280w\" sizes=\"(max-width: 770px) 100vw, 770px\" \/>Os atletas que representam o pa\u00eds no Open de Pret\u00f3ria, \u00c1frica do Sul, de Taekwondo, e que j\u00e1 respiram os ares do pa\u00eds de Nelson Mandela, aguardam apenas pelo come\u00e7o da competi\u00e7\u00e3o.<\/p>\n<p style=\"font-weight: 400;\">Salom\u00e3o Lumbo \u201cMestre Flash\u201d, presidente da Federa\u00e7\u00e3o de Taekwondo, reafirma os objectivos que v\u00e3o nortear a selec\u00e7\u00e3o nacional. Clique no \u00e1udio e ou\u00e7a:<\/p>\n\t<div class=\"qtmplayer-playlist-large\">\n\t\t<ul class=\"qtmplayer-playlist\">\n\t\t\t\n\t\t\t\t\t<li class=\"qtmplayer-trackitem\">\n\t\t<img src=\"https:\/\/rna.ao\/rna.ao\/wp-content\/uploads\/2023\/05\/Taekwondo-1-1-100x100.jpg\" alt=\"cover\">\t\t<span \t\t\tdata-qtmplayer-cover=\"https:\/\/rna.ao\/rna.ao\/wp-content\/uploads\/2023\/05\/Taekwondo-1-1.jpg\"\n\t\t\t\t\t\tdata-qtmplayer-file=\"https:\/\/rna.ao\/rna.ao\/wp-content\/uploads\/2023\/05\/MESTRE-FLASH.mp3\"\n\t\t\t\t\t\tdata-qtmplayer-title=\"Open de Pret\u00f3ria em judo abre hoje. Lutadores angolanos prontos para  medalhar e garantir m\u00ednimos de Paris\"\n\t\t\t\t\t\tdata-qtmplayer-artist=\"RNA\"\n\t\t\t\t\t\tdata-qtmplayer-link=\"https:\/\/rna.ao\/rna.ao\/2023\/05\/13\/open-de-pretoria-em-judo-abre-hoje-lutadores-angolanos-prontos-para-medalhar-e-garantir-minimos-de-paris\/\"\n\t\t\t\t\t\tdata-qtmplayer-icon=\"file_download\"\n\t\t\t\t\t\tdata-qtmplayer-type=\"track\"\n\t\t\t class=\"qtmplayer-play qtmplayer-link-sec qtmplayer-play-btn\"><i class='material-icons'>play_arrow<\/i><\/span>\n\t\t<p>\n\t\t\t<span class=\"qtmplayer-tit\">Open de Pret\u00f3ria em judo abre hoje. Lutadores angolanos prontos para  medalhar e garantir m\u00ednimos de Paris<\/span>\n\t\t\t<span class=\"qtmplayer-art\">RNA<\/span>\n\t\t<\/p>\n\t<\/li>\n\t\t<\/ul>\n\t<\/div>\t\t\t\n\t\n<p style=\"font-weight: 400;\">Entre os atletas, Manuel Luiango, do Benfica Petr\u00f3leos do Lubango, campe\u00e3o nacional na categoria de menos de 58 Kg, manifesta prontid\u00e3o para a competi\u00e7\u00e3o. Clique no \u00e1udio e ou\u00e7a:<\/p>\n\t<div class=\"qtmplayer-playlist-large\">\n\t\t<ul class=\"qtmplayer-playlist\">\n\t\t\t\n\t\t\t\t\t<li class=\"qtmplayer-trackitem\">\n\t\t<img src=\"https:\/\/rna.ao\/rna.ao\/wp-content\/uploads\/2023\/05\/Taekwondo-1-1-100x100.jpg\" alt=\"cover\">\t\t<span \t\t\tdata-qtmplayer-cover=\"https:\/\/rna.ao\/rna.ao\/wp-content\/uploads\/2023\/05\/Taekwondo-1-1.jpg\"\n\t\t\t\t\t\tdata-qtmplayer-file=\"https:\/\/rna.ao\/rna.ao\/wp-content\/uploads\/2023\/05\/LUIANGO.mp3\"\n\t\t\t\t\t\tdata-qtmplayer-title=\"Open de Pret\u00f3ria em judo abre hoje. Lutadores angolanos prontos para  medalhar e garantir m\u00ednimos de Paris\"\n\t\t\t\t\t\tdata-qtmplayer-artist=\"RNA\"\n\t\t\t\t\t\tdata-qtmplayer-link=\"https:\/\/rna.ao\/rna.ao\/2023\/05\/13\/open-de-pretoria-em-judo-abre-hoje-lutadores-angolanos-prontos-para-medalhar-e-garantir-minimos-de-paris\/\"\n\t\t\t\t\t\tdata-qtmplayer-icon=\"file_download\"\n\t\t\t\t\t\tdata-qtmplayer-type=\"track\"\n\t\t\t class=\"qtmplayer-play qtmplayer-link-sec qtmplayer-play-btn\"><i class='material-icons'>play_arrow<\/i><\/span>\n\t\t<p>\n\t\t\t<span class=\"qtmplayer-tit\">Open de Pret\u00f3ria em judo abre hoje. Lutadores angolanos prontos para  medalhar e garantir m\u00ednimos de Paris<\/span>\n\t\t\t<span class=\"qtmplayer-art\">RNA<\/span>\n\t\t<\/p>\n\t<\/li>\n\t\t<\/ul>\n\t<\/div>\t\t\t\n\t\n<p style=\"font-weight: 400;\">De recordar que, o\u00a0 Open de Pret\u00f3ria \u00e9 qualificativo ao Campeonato do Mundo e aos Jogos Ol\u00edmpicos do pr\u00f3ximo ano em Paris\/Fran\u00e7a.<\/p>\n<p>Fonte: R\u00e1dio 5\/RNA<\/p>\n","protected":false},"excerpt":{"rendered":"<p>Os atletas que representam o pa\u00eds no Open de Pret\u00f3ria, \u00c1frica do Sul, de Taekwondo, e que j\u00e1 respiram os ares do pa\u00eds de Nelson Mandela, aguardam apenas pelo come\u00e7o da competi\u00e7\u00e3o. Salom\u00e3o Lumbo \u201cMestre Flash\u201d, presidente da Federa\u00e7\u00e3o de Taekwondo, reafirma os objectivos que v\u00e3o nortear a selec\u00e7\u00e3o nacional. ...<\/p>\n","protected":false},"author":8,"featured_media":102965,"comment_status":"closed","ping_status":"closed","sticky":false,"template":"","format":"standard","meta":[],"categories":[145,125,164],"tags":[],"_links":{"self":[{"href":"https:\/\/rna.ao\/rna.ao\/wp-json\/wp\/v2\/posts\/102960"}],"collection":[{"href":"https:\/\/rna.ao\/rna.ao\/wp-json\/wp\/v2\/posts"}],"about":[{"href":"https:\/\/rna.ao\/rna.ao\/wp-json\/wp\/v2\/types\/post"}],"author":[{"embeddable":true,"href":"https:\/\/rna.ao\/rna.ao\/wp-json\/wp\/v2\/users\/8"}],"replies":[{"embeddable":true,"href":"https:\/\/rna.ao\/rna.ao\/wp-json\/wp\/v2\/comments?post=102960"}],"version-history":[{"count":2,"href":"https:\/\/rna.ao\/rna.ao\/wp-json\/wp\/v2\/posts\/102960\/revisions"}],"predecessor-version":[{"id":102966,"href":"https:\/\/rna.ao\/rna.ao\/wp-json\/wp\/v2\/posts\/102960\/revisions\/102966"}],"wp:featuredmedia":[{"embeddable":true,"href":"https:\/\/rna.ao\/rna.ao\/wp-json\/wp\/v2\/media\/102965"}],"wp:attachment":[{"href":"https:\/\/rna.ao\/rna.ao\/wp-json\/wp\/v2\/media?parent=102960"}],"wp:term":[{"taxonomy":"category","embeddable":true,"href":"https:\/\/rna.ao\/rna.ao\/wp-json\/wp\/v2\/categories?post=102960"},{"taxonomy":"post_tag","embeddable":true,"href":"https:\/\/rna.ao\/rna.ao\/wp-json\/wp\/v2\/tags?post=102960"}],"curies":[{"name":"wp","href":"https:\/\/api.w.org\/{rel}","templated":true}]}}