{"id":102932,"date":"2023-05-13T02:34:35","date_gmt":"2023-05-13T01:34:35","guid":{"rendered":"https:\/\/rna.ao\/rna.ao\/?p=102932"},"modified":"2023-05-14T08:51:09","modified_gmt":"2023-05-14T07:51:09","slug":"banco-mundial-insta-governo-angolano-a-investir-mais-no-processo-formacao-de-mulheres-e-meninas","status":"publish","type":"post","link":"https:\/\/rna.ao\/rna.ao\/2023\/05\/13\/banco-mundial-insta-governo-angolano-a-investir-mais-no-processo-formacao-de-mulheres-e-meninas\/","title":{"rendered":"Banco Mundial insta Governo angolano a investir mais no processo forma\u00e7\u00e3o de mulheres e meninas"},"content":{"rendered":"<p><img loading=\"lazy\" class=\"size-medium wp-image-102936 aligncenter\" src=\"https:\/\/rna.ao\/rna.ao\/wp-content\/uploads\/2023\/05\/Juan-Carlos-Alvarez-770x462.jpg\" alt=\"\" width=\"770\" height=\"462\" srcset=\"https:\/\/rna.ao\/rna.ao\/wp-content\/uploads\/2023\/05\/Juan-Carlos-Alvarez-770x462.jpg 770w, https:\/\/rna.ao\/rna.ao\/wp-content\/uploads\/2023\/05\/Juan-Carlos-Alvarez-768x461.jpg 768w, https:\/\/rna.ao\/rna.ao\/wp-content\/uploads\/2023\/05\/Juan-Carlos-Alvarez.jpg 1000w\" sizes=\"(max-width: 770px) 100vw, 770px\" \/>A Ministra do Ensino Superior, Ci\u00eancia, Tecnologia e Inova\u00e7\u00e3o disse sexta-feira, 12\/05, em Luanda, que a disparidade do g\u00eanero, no campo cient\u00edfico, continua a ser um grande desafio do Governo angolano.<\/p>\n<p>Maria do Ros\u00e1rio Bragan\u00e7a falava durante o simp\u00f3sio sobre \u201cOs Desafios e Oportunidades da educa\u00e7\u00e3o na Era Digital\u201d. Clique no \u00e1udio e ou\u00e7a:<\/p>\n\t<div class=\"qtmplayer-playlist-large\">\n\t\t<ul class=\"qtmplayer-playlist\">\n\t\t\t\n\t\t\t\t\t<li class=\"qtmplayer-trackitem\">\n\t\t<img src=\"https:\/\/rna.ao\/rna.ao\/wp-content\/uploads\/2023\/05\/Juan-Carlos-Alvarez-1-100x100.jpg\" alt=\"cover\">\t\t<span \t\t\tdata-qtmplayer-cover=\"https:\/\/rna.ao\/rna.ao\/wp-content\/uploads\/2023\/05\/Juan-Carlos-Alvarez-1.jpg\"\n\t\t\t\t\t\tdata-qtmplayer-file=\"https:\/\/rna.ao\/rna.ao\/wp-content\/uploads\/2023\/05\/MARIA-DO-ROSARIO-BRAGANCA.mp3\"\n\t\t\t\t\t\tdata-qtmplayer-title=\"Banco Mundial insta Governo angolano a investir mais no processo forma\u00e7\u00e3o de mulheres e meninas\"\n\t\t\t\t\t\tdata-qtmplayer-artist=\"RNA\"\n\t\t\t\t\t\tdata-qtmplayer-link=\"https:\/\/rna.ao\/rna.ao\/2023\/05\/13\/banco-mundial-insta-governo-angolano-a-investir-mais-no-processo-formacao-de-mulheres-e-meninas\/\"\n\t\t\t\t\t\tdata-qtmplayer-icon=\"file_download\"\n\t\t\t\t\t\tdata-qtmplayer-type=\"track\"\n\t\t\t class=\"qtmplayer-play qtmplayer-link-sec qtmplayer-play-btn\"><i class='material-icons'>play_arrow<\/i><\/span>\n\t\t<p>\n\t\t\t<span class=\"qtmplayer-tit\">Banco Mundial insta Governo angolano a investir mais no processo forma\u00e7\u00e3o de mulheres e meninas<\/span>\n\t\t\t<span class=\"qtmplayer-art\">RNA<\/span>\n\t\t<\/p>\n\t<\/li>\n\t\t<\/ul>\n\t<\/div>\t\t\t\n\t\n<p>E o Representante do Banco Mundial para Angola e S\u00e3o Tom\u00e9 e Pr\u00edncipe, Juan Carlos Alvarez, diz ser necess\u00e1rio mais investimento no processo de forma\u00e7\u00e3o das mulheres e meninas. Clique no \u00e1udio abaixo, e ou\u00e7a:<\/p>\n\t<div class=\"qtmplayer-playlist-large\">\n\t\t<ul class=\"qtmplayer-playlist\">\n\t\t\t\n\t\t\t\t\t<li class=\"qtmplayer-trackitem\">\n\t\t<img src=\"https:\/\/rna.ao\/rna.ao\/wp-content\/uploads\/2023\/05\/Juan-Carlos-Alvarez-1-100x100.jpg\" alt=\"cover\">\t\t<span \t\t\tdata-qtmplayer-cover=\"https:\/\/rna.ao\/rna.ao\/wp-content\/uploads\/2023\/05\/Juan-Carlos-Alvarez-1.jpg\"\n\t\t\t\t\t\tdata-qtmplayer-file=\"https:\/\/rna.ao\/rna.ao\/wp-content\/uploads\/2023\/05\/JUAN-CARLOS-ALVAREZ.mp3\"\n\t\t\t\t\t\tdata-qtmplayer-title=\"Banco Mundial insta Governo angolano a investir mais no processo forma\u00e7\u00e3o de mulheres e meninas\"\n\t\t\t\t\t\tdata-qtmplayer-artist=\"RNA\"\n\t\t\t\t\t\tdata-qtmplayer-link=\"https:\/\/rna.ao\/rna.ao\/2023\/05\/13\/banco-mundial-insta-governo-angolano-a-investir-mais-no-processo-formacao-de-mulheres-e-meninas\/\"\n\t\t\t\t\t\tdata-qtmplayer-icon=\"file_download\"\n\t\t\t\t\t\tdata-qtmplayer-type=\"track\"\n\t\t\t class=\"qtmplayer-play qtmplayer-link-sec qtmplayer-play-btn\"><i class='material-icons'>play_arrow<\/i><\/span>\n\t\t<p>\n\t\t\t<span class=\"qtmplayer-tit\">Banco Mundial insta Governo angolano a investir mais no processo forma\u00e7\u00e3o de mulheres e meninas<\/span>\n\t\t\t<span class=\"qtmplayer-art\">RNA<\/span>\n\t\t<\/p>\n\t<\/li>\n\t\t<\/ul>\n\t<\/div>\t\t\t\n\t\n<p>Fonte: RNA<\/p>\n","protected":false},"excerpt":{"rendered":"<p>A Ministra do Ensino Superior, Ci\u00eancia, Tecnologia e Inova\u00e7\u00e3o disse sexta-feira, 12\/05, em Luanda, que a disparidade do g\u00eanero, no campo cient\u00edfico, continua a ser um grande desafio do Governo angolano. Maria do Ros\u00e1rio Bragan\u00e7a falava durante o simp\u00f3sio sobre \u201cOs Desafios e Oportunidades da educa\u00e7\u00e3o na Era Digital\u201d. Clique ...<\/p>\n","protected":false},"author":8,"featured_media":102937,"comment_status":"closed","ping_status":"closed","sticky":false,"template":"","format":"standard","meta":[],"categories":[142,121,164,163],"tags":[],"_links":{"self":[{"href":"https:\/\/rna.ao\/rna.ao\/wp-json\/wp\/v2\/posts\/102932"}],"collection":[{"href":"https:\/\/rna.ao\/rna.ao\/wp-json\/wp\/v2\/posts"}],"about":[{"href":"https:\/\/rna.ao\/rna.ao\/wp-json\/wp\/v2\/types\/post"}],"author":[{"embeddable":true,"href":"https:\/\/rna.ao\/rna.ao\/wp-json\/wp\/v2\/users\/8"}],"replies":[{"embeddable":true,"href":"https:\/\/rna.ao\/rna.ao\/wp-json\/wp\/v2\/comments?post=102932"}],"version-history":[{"count":2,"href":"https:\/\/rna.ao\/rna.ao\/wp-json\/wp\/v2\/posts\/102932\/revisions"}],"predecessor-version":[{"id":102938,"href":"https:\/\/rna.ao\/rna.ao\/wp-json\/wp\/v2\/posts\/102932\/revisions\/102938"}],"wp:featuredmedia":[{"embeddable":true,"href":"https:\/\/rna.ao\/rna.ao\/wp-json\/wp\/v2\/media\/102937"}],"wp:attachment":[{"href":"https:\/\/rna.ao\/rna.ao\/wp-json\/wp\/v2\/media?parent=102932"}],"wp:term":[{"taxonomy":"category","embeddable":true,"href":"https:\/\/rna.ao\/rna.ao\/wp-json\/wp\/v2\/categories?post=102932"},{"taxonomy":"post_tag","embeddable":true,"href":"https:\/\/rna.ao\/rna.ao\/wp-json\/wp\/v2\/tags?post=102932"}],"curies":[{"name":"wp","href":"https:\/\/api.w.org\/{rel}","templated":true}]}}