{"id":102927,"date":"2023-05-13T02:24:03","date_gmt":"2023-05-13T01:24:03","guid":{"rendered":"https:\/\/rna.ao\/rna.ao\/?p=102927"},"modified":"2023-05-14T08:50:21","modified_gmt":"2023-05-14T07:50:21","slug":"mais-de-50-da-populacao-tera-acesso-a-energia-electrica-de-lauca-ate-2027","status":"publish","type":"post","link":"https:\/\/rna.ao\/rna.ao\/2023\/05\/13\/mais-de-50-da-populacao-tera-acesso-a-energia-electrica-de-lauca-ate-2027\/","title":{"rendered":"Mais de 50% da popula\u00e7\u00e3o ter\u00e1 acesso a energia el\u00e9ctrica de La\u00faca at\u00e9 2027"},"content":{"rendered":"<p><img loading=\"lazy\" class=\"size-medium wp-image-102929 aligncenter\" src=\"https:\/\/rna.ao\/rna.ao\/wp-content\/uploads\/2023\/05\/Lauca-2-770x513.jpg\" alt=\"\" width=\"770\" height=\"513\" srcset=\"https:\/\/rna.ao\/rna.ao\/wp-content\/uploads\/2023\/05\/Lauca-2-770x513.jpg 770w, https:\/\/rna.ao\/rna.ao\/wp-content\/uploads\/2023\/05\/Lauca-2-1170x780.jpg 1170w, https:\/\/rna.ao\/rna.ao\/wp-content\/uploads\/2023\/05\/Lauca-2-768x512.jpg 768w, https:\/\/rna.ao\/rna.ao\/wp-content\/uploads\/2023\/05\/Lauca-2-1536x1023.jpg 1536w, https:\/\/rna.ao\/rna.ao\/wp-content\/uploads\/2023\/05\/Lauca-2.jpg 1600w\" sizes=\"(max-width: 770px) 100vw, 770px\" \/>O Ministro da Energia e \u00c1guas disse sexta-feira, 12\/05, em Malanje, que o Estado angolano pretende uniformizar o sistema de energia el\u00e9ctrica.<\/p>\n<p>Jo\u00e3o Baptista Borges, que falava no acto oficial de entrega do Aproveitamento Hidroel\u00e9ctrico de La\u00faca, afirmou que a tarefa, agora, \u00e9 alcan\u00e7ar os 50% de cobertura, estando nos dias de hoje com 42.8%.<\/p>\n<p>De acordo com o Ministro, outra grande tarefa imediata \u00e9 fazer mais de um milh\u00e3o de liga\u00e7\u00f5es domiciliares, para responder este desafio. Clique no \u00e1udio abaixo e ou\u00e7a:<\/p>\n\t<div class=\"qtmplayer-playlist-large\">\n\t\t<ul class=\"qtmplayer-playlist\">\n\t\t\t\n\t\t\t\t\t<li class=\"qtmplayer-trackitem\">\n\t\t<img src=\"https:\/\/rna.ao\/rna.ao\/wp-content\/uploads\/2023\/05\/AH-Lauca-1-100x100.jpg\" alt=\"cover\">\t\t<span \t\t\tdata-qtmplayer-cover=\"https:\/\/rna.ao\/rna.ao\/wp-content\/uploads\/2023\/05\/AH-Lauca-1.jpg\"\n\t\t\t\t\t\tdata-qtmplayer-file=\"https:\/\/rna.ao\/rna.ao\/wp-content\/uploads\/2023\/05\/JOAO-BAPTISTA-BORGES-q.mp3\"\n\t\t\t\t\t\tdata-qtmplayer-title=\"Mais de 50% da popula\u00e7\u00e3o ter\u00e1 acesso a energia el\u00e9ctrica de La\u00faca at\u00e9 2027\"\n\t\t\t\t\t\tdata-qtmplayer-artist=\"RNA\"\n\t\t\t\t\t\tdata-qtmplayer-link=\"https:\/\/rna.ao\/rna.ao\/2023\/05\/13\/mais-de-50-da-populacao-tera-acesso-a-energia-electrica-de-lauca-ate-2027\/\"\n\t\t\t\t\t\tdata-qtmplayer-icon=\"file_download\"\n\t\t\t\t\t\tdata-qtmplayer-type=\"track\"\n\t\t\t class=\"qtmplayer-play qtmplayer-link-sec qtmplayer-play-btn\"><i class='material-icons'>play_arrow<\/i><\/span>\n\t\t<p>\n\t\t\t<span class=\"qtmplayer-tit\">Mais de 50% da popula\u00e7\u00e3o ter\u00e1 acesso a energia el\u00e9ctrica de La\u00faca at\u00e9 2027<\/span>\n\t\t\t<span class=\"qtmplayer-art\">RNA<\/span>\n\t\t<\/p>\n\t<\/li>\n\t\t<\/ul>\n\t<\/div>\t\t\t\n\t\n<p>Fonte: RNA<\/p>\n","protected":false},"excerpt":{"rendered":"<p>O Ministro da Energia e \u00c1guas disse sexta-feira, 12\/05, em Malanje, que o Estado angolano pretende uniformizar o sistema de energia el\u00e9ctrica. Jo\u00e3o Baptista Borges, que falava no acto oficial de entrega do Aproveitamento Hidroel\u00e9ctrico de La\u00faca, afirmou que a tarefa, agora, \u00e9 alcan\u00e7ar os 50% de cobertura, estando nos ...<\/p>\n","protected":false},"author":8,"featured_media":102930,"comment_status":"closed","ping_status":"closed","sticky":false,"template":"","format":"standard","meta":[],"categories":[142,121,164,163],"tags":[],"_links":{"self":[{"href":"https:\/\/rna.ao\/rna.ao\/wp-json\/wp\/v2\/posts\/102927"}],"collection":[{"href":"https:\/\/rna.ao\/rna.ao\/wp-json\/wp\/v2\/posts"}],"about":[{"href":"https:\/\/rna.ao\/rna.ao\/wp-json\/wp\/v2\/types\/post"}],"author":[{"embeddable":true,"href":"https:\/\/rna.ao\/rna.ao\/wp-json\/wp\/v2\/users\/8"}],"replies":[{"embeddable":true,"href":"https:\/\/rna.ao\/rna.ao\/wp-json\/wp\/v2\/comments?post=102927"}],"version-history":[{"count":1,"href":"https:\/\/rna.ao\/rna.ao\/wp-json\/wp\/v2\/posts\/102927\/revisions"}],"predecessor-version":[{"id":102931,"href":"https:\/\/rna.ao\/rna.ao\/wp-json\/wp\/v2\/posts\/102927\/revisions\/102931"}],"wp:featuredmedia":[{"embeddable":true,"href":"https:\/\/rna.ao\/rna.ao\/wp-json\/wp\/v2\/media\/102930"}],"wp:attachment":[{"href":"https:\/\/rna.ao\/rna.ao\/wp-json\/wp\/v2\/media?parent=102927"}],"wp:term":[{"taxonomy":"category","embeddable":true,"href":"https:\/\/rna.ao\/rna.ao\/wp-json\/wp\/v2\/categories?post=102927"},{"taxonomy":"post_tag","embeddable":true,"href":"https:\/\/rna.ao\/rna.ao\/wp-json\/wp\/v2\/tags?post=102927"}],"curies":[{"name":"wp","href":"https:\/\/api.w.org\/{rel}","templated":true}]}}