{"id":102898,"date":"2023-05-12T13:27:01","date_gmt":"2023-05-12T12:27:01","guid":{"rendered":"https:\/\/rna.ao\/rna.ao\/?p=102898"},"modified":"2023-05-12T13:27:01","modified_gmt":"2023-05-12T12:27:01","slug":"direccao-do-cefopescas-vai-ser-responsabilizada-pela-morte-por-afogamento-dos-3-estudantes","status":"publish","type":"post","link":"https:\/\/rna.ao\/rna.ao\/2023\/05\/12\/direccao-do-cefopescas-vai-ser-responsabilizada-pela-morte-por-afogamento-dos-3-estudantes\/","title":{"rendered":"Direc\u00e7\u00e3o do CEFOPESCAS vai ser responsabilizada pela morte por afogamento dos 3 estudantes"},"content":{"rendered":"<p><img loading=\"lazy\" class=\"size-full wp-image-102904 alignleft\" src=\"https:\/\/rna.ao\/rna.ao\/wp-content\/uploads\/2023\/05\/CEFOPESCAS.jpg\" alt=\"\" width=\"260\" height=\"194\" \/>Continua a decorrer o inqu\u00e9rito sobre o incidente que resultou na morte dos tr\u00eas estudantes do CEFOPESCAS dos Ramiros, na capital Luanda.<\/p>\n<p>O referido inqu\u00e9rito est\u00e1 agora a ser conduzido pelos Minist\u00e9rios da educa\u00e7\u00e3o e das Pescas, que j\u00e1 suspenderam as aulas no referido Centro de Forma\u00e7\u00e3o.<\/p>\n<p>A Direc\u00e7\u00e3o Provincial da Educa\u00e7\u00e3o reafirma que os culpados ser\u00e3o devidamente responsabilizados. Saiba mis, no \u00e1udio abaixo, com o jornalista Adriano Belmiro:<\/p>\n\t<div class=\"qtmplayer-playlist-large\">\n\t\t<ul class=\"qtmplayer-playlist\">\n\t\t\t\n\t\t\t\t\t<li class=\"qtmplayer-trackitem\">\n\t\t<img src=\"https:\/\/rna.ao\/rna.ao\/wp-content\/uploads\/2023\/05\/CEFOPESCAS-100x100.jpg\" alt=\"cover\">\t\t<span \t\t\tdata-qtmplayer-cover=\"https:\/\/rna.ao\/rna.ao\/wp-content\/uploads\/2023\/05\/CEFOPESCAS.jpg\"\n\t\t\t\t\t\tdata-qtmplayer-file=\"https:\/\/rna.ao\/rna.ao\/wp-content\/uploads\/2023\/05\/ADRIANOP-BELMIRO-CEFOPESCAS-13HRS.mp3\"\n\t\t\t\t\t\tdata-qtmplayer-title=\"Direc\u00e7\u00e3o do CEFOPESCAS vai ser responsabilizada pela morte por afogamento dos 3 estudantes\"\n\t\t\t\t\t\tdata-qtmplayer-artist=\"RNA\"\n\t\t\t\t\t\tdata-qtmplayer-link=\"https:\/\/rna.ao\/rna.ao\/2023\/05\/12\/direccao-do-cefopescas-vai-ser-responsabilizada-pela-morte-por-afogamento-dos-3-estudantes\/\"\n\t\t\t\t\t\tdata-qtmplayer-icon=\"file_download\"\n\t\t\t\t\t\tdata-qtmplayer-type=\"track\"\n\t\t\t class=\"qtmplayer-play qtmplayer-link-sec qtmplayer-play-btn\"><i class='material-icons'>play_arrow<\/i><\/span>\n\t\t<p>\n\t\t\t<span class=\"qtmplayer-tit\">Direc\u00e7\u00e3o do CEFOPESCAS vai ser responsabilizada pela morte por afogamento dos 3 estudantes<\/span>\n\t\t\t<span class=\"qtmplayer-art\">RNA<\/span>\n\t\t<\/p>\n\t<\/li>\n\t\t<\/ul>\n\t<\/div>\t\t\t\n\t\n<p>Saiba que, uma fonte da R\u00e1dio nacional de Angola deu igualmente conta de que a Direcf\u00e7\u00e3o do Centro est\u00e1 suspensa.<\/p>\n<p>Fonte: RNA<\/p>\n","protected":false},"excerpt":{"rendered":"<p>Continua a decorrer o inqu\u00e9rito sobre o incidente que resultou na morte dos tr\u00eas estudantes do CEFOPESCAS dos Ramiros, na capital Luanda. O referido inqu\u00e9rito est\u00e1 agora a ser conduzido pelos Minist\u00e9rios da educa\u00e7\u00e3o e das Pescas, que j\u00e1 suspenderam as aulas no referido Centro de Forma\u00e7\u00e3o. A Direc\u00e7\u00e3o Provincial ...<\/p>\n","protected":false},"author":8,"featured_media":102904,"comment_status":"closed","ping_status":"closed","sticky":false,"template":"","format":"standard","meta":[],"categories":[121,163],"tags":[],"_links":{"self":[{"href":"https:\/\/rna.ao\/rna.ao\/wp-json\/wp\/v2\/posts\/102898"}],"collection":[{"href":"https:\/\/rna.ao\/rna.ao\/wp-json\/wp\/v2\/posts"}],"about":[{"href":"https:\/\/rna.ao\/rna.ao\/wp-json\/wp\/v2\/types\/post"}],"author":[{"embeddable":true,"href":"https:\/\/rna.ao\/rna.ao\/wp-json\/wp\/v2\/users\/8"}],"replies":[{"embeddable":true,"href":"https:\/\/rna.ao\/rna.ao\/wp-json\/wp\/v2\/comments?post=102898"}],"version-history":[{"count":2,"href":"https:\/\/rna.ao\/rna.ao\/wp-json\/wp\/v2\/posts\/102898\/revisions"}],"predecessor-version":[{"id":102905,"href":"https:\/\/rna.ao\/rna.ao\/wp-json\/wp\/v2\/posts\/102898\/revisions\/102905"}],"wp:featuredmedia":[{"embeddable":true,"href":"https:\/\/rna.ao\/rna.ao\/wp-json\/wp\/v2\/media\/102904"}],"wp:attachment":[{"href":"https:\/\/rna.ao\/rna.ao\/wp-json\/wp\/v2\/media?parent=102898"}],"wp:term":[{"taxonomy":"category","embeddable":true,"href":"https:\/\/rna.ao\/rna.ao\/wp-json\/wp\/v2\/categories?post=102898"},{"taxonomy":"post_tag","embeddable":true,"href":"https:\/\/rna.ao\/rna.ao\/wp-json\/wp\/v2\/tags?post=102898"}],"curies":[{"name":"wp","href":"https:\/\/api.w.org\/{rel}","templated":true}]}}