{"id":10258,"date":"2020-11-01T08:04:10","date_gmt":"2020-11-01T07:04:10","guid":{"rendered":"https:\/\/rna.ao\/rna.ao\/?p=10258"},"modified":"2020-11-01T08:04:10","modified_gmt":"2020-11-01T07:04:10","slug":"desnutricao-agrava-morte-de-criancas-no-cuando-cubango","status":"publish","type":"post","link":"https:\/\/rna.ao\/rna.ao\/2020\/11\/01\/desnutricao-agrava-morte-de-criancas-no-cuando-cubango\/","title":{"rendered":"Desnutri\u00e7\u00e3o agrava morte de crian\u00e7as no Cuando-Cubango"},"content":{"rendered":"<p><img loading=\"lazy\" class=\"size-full wp-image-8104 alignleft\" src=\"https:\/\/rna.ao\/rna.ao\/wp-content\/uploads\/2020\/10\/bebe_29.jpg\" alt=\"\" width=\"275\" height=\"183\" \/>As autoridades sanit\u00e1rias na prov\u00edncia do Cuando-Cubango est\u00e3o preocupadas com a desnutri\u00e7\u00e3o por estar a tirar a vida de muitas crian\u00e7as no presente ano de 2020, raz\u00e3o pela ser\u00e1 impulsionado um vasto programa de apoio \u00e0s fam\u00edlias camponesas, no \u00e2mbito do combate a fome e a pobreza. Clique na Reportagem em baixo para ouvir:<\/p>\n\t<div class=\"qtmplayer-playlist-large\">\n\t\t<ul class=\"qtmplayer-playlist\">\n\t\t\t\n\t\t\t\t\t<li class=\"qtmplayer-trackitem\">\n\t\t<img src=\"https:\/\/rna.ao\/rna.ao\/wp-content\/uploads\/2020\/10\/bebe_29-100x100.jpg\" alt=\"cover\">\t\t<span \t\t\tdata-qtmplayer-cover=\"https:\/\/rna.ao\/rna.ao\/wp-content\/uploads\/2020\/10\/bebe_29.jpg\"\n\t\t\t\t\t\tdata-qtmplayer-file=\"https:\/\/rna.ao\/rna.ao\/wp-content\/uploads\/2020\/11\/KUANDO-KUBANGO-DESNUTRICAO-07HS.mp3\"\n\t\t\t\t\t\tdata-qtmplayer-title=\"Desnutri\u00e7\u00e3o agrava morte de crian\u00e7as no Cuando-Cubango\"\n\t\t\t\t\t\tdata-qtmplayer-artist=\"RNA\"\n\t\t\t\t\t\tdata-qtmplayer-link=\"https:\/\/rna.ao\/rna.ao\/2020\/11\/01\/desnutricao-agrava-morte-de-criancas-no-cuando-cubango\/\"\n\t\t\t\t\t\tdata-qtmplayer-icon=\"file_download\"\n\t\t\t\t\t\tdata-qtmplayer-type=\"track\"\n\t\t\t class=\"qtmplayer-play qtmplayer-link-sec qtmplayer-play-btn\"><i class='material-icons'>play_arrow<\/i><\/span>\n\t\t<p>\n\t\t\t<span class=\"qtmplayer-tit\">Desnutri\u00e7\u00e3o agrava morte de crian\u00e7as no Cuando-Cubango<\/span>\n\t\t\t<span class=\"qtmplayer-art\">RNA<\/span>\n\t\t<\/p>\n\t<\/li>\n\t\t<\/ul>\n\t<\/div>\t\t\t\n\t\n","protected":false},"excerpt":{"rendered":"<p>As autoridades sanit\u00e1rias na prov\u00edncia do Cuando-Cubango est\u00e3o preocupadas com a desnutri\u00e7\u00e3o por estar a tirar a vida de muitas crian\u00e7as no presente ano de 2020, raz\u00e3o pela ser\u00e1 impulsionado um vasto programa de apoio \u00e0s fam\u00edlias camponesas, no \u00e2mbito do combate a fome e a pobreza. Clique na Reportagem ...<\/p>\n","protected":false},"author":8,"featured_media":8104,"comment_status":"closed","ping_status":"closed","sticky":false,"template":"","format":"standard","meta":[],"categories":[163],"tags":[],"_links":{"self":[{"href":"https:\/\/rna.ao\/rna.ao\/wp-json\/wp\/v2\/posts\/10258"}],"collection":[{"href":"https:\/\/rna.ao\/rna.ao\/wp-json\/wp\/v2\/posts"}],"about":[{"href":"https:\/\/rna.ao\/rna.ao\/wp-json\/wp\/v2\/types\/post"}],"author":[{"embeddable":true,"href":"https:\/\/rna.ao\/rna.ao\/wp-json\/wp\/v2\/users\/8"}],"replies":[{"embeddable":true,"href":"https:\/\/rna.ao\/rna.ao\/wp-json\/wp\/v2\/comments?post=10258"}],"version-history":[{"count":1,"href":"https:\/\/rna.ao\/rna.ao\/wp-json\/wp\/v2\/posts\/10258\/revisions"}],"predecessor-version":[{"id":10260,"href":"https:\/\/rna.ao\/rna.ao\/wp-json\/wp\/v2\/posts\/10258\/revisions\/10260"}],"wp:featuredmedia":[{"embeddable":true,"href":"https:\/\/rna.ao\/rna.ao\/wp-json\/wp\/v2\/media\/8104"}],"wp:attachment":[{"href":"https:\/\/rna.ao\/rna.ao\/wp-json\/wp\/v2\/media?parent=10258"}],"wp:term":[{"taxonomy":"category","embeddable":true,"href":"https:\/\/rna.ao\/rna.ao\/wp-json\/wp\/v2\/categories?post=10258"},{"taxonomy":"post_tag","embeddable":true,"href":"https:\/\/rna.ao\/rna.ao\/wp-json\/wp\/v2\/tags?post=10258"}],"curies":[{"name":"wp","href":"https:\/\/api.w.org\/{rel}","templated":true}]}}