{"id":10253,"date":"2020-11-01T07:55:38","date_gmt":"2020-11-01T06:55:38","guid":{"rendered":"https:\/\/rna.ao\/rna.ao\/?p=10253"},"modified":"2020-11-01T07:56:43","modified_gmt":"2020-11-01T06:56:43","slug":"kwenda-cobre-apoio-social-a-familias-no-huambo","status":"publish","type":"post","link":"https:\/\/rna.ao\/rna.ao\/2020\/11\/01\/kwenda-cobre-apoio-social-a-familias-no-huambo\/","title":{"rendered":"Kwenda d\u00e1 apoio social \u00e0 fam\u00edlias no Huambo"},"content":{"rendered":"<p><img loading=\"lazy\" class=\"wp-image-10254 alignleft\" src=\"https:\/\/rna.ao\/rna.ao\/wp-content\/uploads\/2020\/11\/kue.jpg\" alt=\"\" width=\"255\" height=\"133\" \/>Mais de vinte e tr\u00eas mil fam\u00edlias est\u00e3o a ser submetidas a um processo de cadastramento que vai durar at\u00e9 Dezembro de 2020, na prov\u00edncia do Huambo, a fim de beneficiarem de apoio financeiro do Programa social Kwenda, reportou a RNA, no Domingo, 01\/11. Clique na pe\u00e7a de Reportagem em baixo para ouvir:<\/p>\n\t<div class=\"qtmplayer-playlist-large\">\n\t\t<ul class=\"qtmplayer-playlist\">\n\t\t\t\n\t\t\t\t\t<li class=\"qtmplayer-trackitem\">\n\t\t<img src=\"https:\/\/rna.ao\/rna.ao\/wp-content\/uploads\/2020\/11\/kue-100x100.jpg\" alt=\"cover\">\t\t<span \t\t\tdata-qtmplayer-cover=\"https:\/\/rna.ao\/rna.ao\/wp-content\/uploads\/2020\/11\/kue.jpg\"\n\t\t\t\t\t\tdata-qtmplayer-file=\"https:\/\/rna.ao\/rna.ao\/wp-content\/uploads\/2020\/11\/HUAMBO-FAMILIAS-07HS.mp3\"\n\t\t\t\t\t\tdata-qtmplayer-title=\"Kwenda d\u00e1 apoio social \u00e0 fam\u00edlias no Huambo\"\n\t\t\t\t\t\tdata-qtmplayer-artist=\"RNA\"\n\t\t\t\t\t\tdata-qtmplayer-link=\"https:\/\/rna.ao\/rna.ao\/2020\/11\/01\/kwenda-cobre-apoio-social-a-familias-no-huambo\/\"\n\t\t\t\t\t\tdata-qtmplayer-icon=\"file_download\"\n\t\t\t\t\t\tdata-qtmplayer-type=\"track\"\n\t\t\t class=\"qtmplayer-play qtmplayer-link-sec qtmplayer-play-btn\"><i class='material-icons'>play_arrow<\/i><\/span>\n\t\t<p>\n\t\t\t<span class=\"qtmplayer-tit\">Kwenda d\u00e1 apoio social \u00e0 fam\u00edlias no Huambo<\/span>\n\t\t\t<span class=\"qtmplayer-art\">RNA<\/span>\n\t\t<\/p>\n\t<\/li>\n\t\t<\/ul>\n\t<\/div>\t\t\t\n\t\n<p>Fonte: RNA-Jornalista, Em\u00edlia Neves e Lu\u00eds Correia<\/p>\n","protected":false},"excerpt":{"rendered":"<p>Mais de vinte e tr\u00eas mil fam\u00edlias est\u00e3o a ser submetidas a um processo de cadastramento que vai durar at\u00e9 Dezembro de 2020, na prov\u00edncia do Huambo, a fim de beneficiarem de apoio financeiro do Programa social Kwenda, reportou a RNA, no Domingo, 01\/11. Clique na pe\u00e7a de Reportagem em ...<\/p>\n","protected":false},"author":8,"featured_media":10254,"comment_status":"closed","ping_status":"closed","sticky":false,"template":"","format":"standard","meta":[],"categories":[163],"tags":[],"_links":{"self":[{"href":"https:\/\/rna.ao\/rna.ao\/wp-json\/wp\/v2\/posts\/10253"}],"collection":[{"href":"https:\/\/rna.ao\/rna.ao\/wp-json\/wp\/v2\/posts"}],"about":[{"href":"https:\/\/rna.ao\/rna.ao\/wp-json\/wp\/v2\/types\/post"}],"author":[{"embeddable":true,"href":"https:\/\/rna.ao\/rna.ao\/wp-json\/wp\/v2\/users\/8"}],"replies":[{"embeddable":true,"href":"https:\/\/rna.ao\/rna.ao\/wp-json\/wp\/v2\/comments?post=10253"}],"version-history":[{"count":2,"href":"https:\/\/rna.ao\/rna.ao\/wp-json\/wp\/v2\/posts\/10253\/revisions"}],"predecessor-version":[{"id":10257,"href":"https:\/\/rna.ao\/rna.ao\/wp-json\/wp\/v2\/posts\/10253\/revisions\/10257"}],"wp:featuredmedia":[{"embeddable":true,"href":"https:\/\/rna.ao\/rna.ao\/wp-json\/wp\/v2\/media\/10254"}],"wp:attachment":[{"href":"https:\/\/rna.ao\/rna.ao\/wp-json\/wp\/v2\/media?parent=10253"}],"wp:term":[{"taxonomy":"category","embeddable":true,"href":"https:\/\/rna.ao\/rna.ao\/wp-json\/wp\/v2\/categories?post=10253"},{"taxonomy":"post_tag","embeddable":true,"href":"https:\/\/rna.ao\/rna.ao\/wp-json\/wp\/v2\/tags?post=10253"}],"curies":[{"name":"wp","href":"https:\/\/api.w.org\/{rel}","templated":true}]}}