{"id":10224,"date":"2020-10-31T03:33:11","date_gmt":"2020-10-31T02:33:11","guid":{"rendered":"https:\/\/rna.ao\/rna.ao\/?p=10224"},"modified":"2020-11-02T06:33:18","modified_gmt":"2020-11-02T05:33:18","slug":"covid-19-angola-regista-289-novos-casos-e-recupera-371-pessoas","status":"publish","type":"post","link":"https:\/\/rna.ao\/rna.ao\/2020\/10\/31\/covid-19-angola-regista-289-novos-casos-e-recupera-371-pessoas\/","title":{"rendered":"Covid-19: Angola regista 289 novos casos e recupera 371 pessoas"},"content":{"rendered":"<p><img loading=\"lazy\" class=\"size-full wp-image-10007 alignleft\" src=\"https:\/\/rna.ao\/rna.ao\/wp-content\/uploads\/2020\/10\/Franco-Mufinda-SE.jpg\" alt=\"\" width=\"415\" height=\"278\" \/><\/p>\n<p>Angola registou, nas \u00faltimas 24 horas, quatro mortes devido \u00e0 Covid-19 e duzentas e oitenta e nove infec\u00e7\u00f5es, tendo recuperado trezentos e setenta e uma pessoas.<\/p>\n<p>O n\u00famero recorde foi anunciado sexta-feira, 30 de Outubro, em confer\u00eancia de imprensa, pelo secret\u00e1rio de Estado da Sa\u00fade, Franco Mufinda, no habitual balan\u00e7o epidemiol\u00f3gico sobre a pandemia Covid-19, no pa\u00eds.<\/p>\n<p>Franco Mufinda informou que os novos casos foram reportados em Luanda, Malanje, Zaire, Cunene, Benguela e Cuando Cubango, com idades que variam entre 12 e 80 anos. Clique no \u00e1udio, em baixo, e ou\u00e7a:<\/p>\n\t<div class=\"qtmplayer-playlist-large\">\n\t\t<ul class=\"qtmplayer-playlist\">\n\t\t\t\n\t\t\t\t\t<li class=\"qtmplayer-trackitem\">\n\t\t<img src=\"https:\/\/rna.ao\/rna.ao\/wp-content\/uploads\/2020\/10\/Franco-Mufinda-SE-100x100.jpg\" alt=\"cover\">\t\t<span \t\t\tdata-qtmplayer-cover=\"https:\/\/rna.ao\/rna.ao\/wp-content\/uploads\/2020\/10\/Franco-Mufinda-SE.jpg\"\n\t\t\t\t\t\tdata-qtmplayer-file=\"https:\/\/rna.ao\/rna.ao\/wp-content\/uploads\/2020\/10\/FRANCO-MUFINDA-3.mp3\"\n\t\t\t\t\t\tdata-qtmplayer-title=\"Covid-19: Angola regista 289 novos casos e recupera 371 pessoas\"\n\t\t\t\t\t\tdata-qtmplayer-artist=\"RNA\"\n\t\t\t\t\t\tdata-qtmplayer-link=\"https:\/\/rna.ao\/rna.ao\/2020\/10\/31\/covid-19-angola-regista-289-novos-casos-e-recupera-371-pessoas\/\"\n\t\t\t\t\t\tdata-qtmplayer-icon=\"file_download\"\n\t\t\t\t\t\tdata-qtmplayer-type=\"track\"\n\t\t\t class=\"qtmplayer-play qtmplayer-link-sec qtmplayer-play-btn\"><i class='material-icons'>play_arrow<\/i><\/span>\n\t\t<p>\n\t\t\t<span class=\"qtmplayer-tit\">Covid-19: Angola regista 289 novos casos e recupera 371 pessoas<\/span>\n\t\t\t<span class=\"qtmplayer-art\">RNA<\/span>\n\t\t<\/p>\n\t<\/li>\n\t\t<\/ul>\n\t<\/div>\t\t\t\n\t\n<p>Fonte: RNA<\/p>\n","protected":false},"excerpt":{"rendered":"<p>Angola registou, nas \u00faltimas 24 horas, quatro mortes devido \u00e0 Covid-19 e duzentas e oitenta e nove infec\u00e7\u00f5es, tendo recuperado trezentos e setenta e uma pessoas. O n\u00famero recorde foi anunciado sexta-feira, 30 de Outubro, em confer\u00eancia de imprensa, pelo secret\u00e1rio de Estado da Sa\u00fade, Franco Mufinda, no habitual balan\u00e7o ...<\/p>\n","protected":false},"author":8,"featured_media":10007,"comment_status":"closed","ping_status":"closed","sticky":false,"template":"","format":"standard","meta":[],"categories":[121,164],"tags":[],"_links":{"self":[{"href":"https:\/\/rna.ao\/rna.ao\/wp-json\/wp\/v2\/posts\/10224"}],"collection":[{"href":"https:\/\/rna.ao\/rna.ao\/wp-json\/wp\/v2\/posts"}],"about":[{"href":"https:\/\/rna.ao\/rna.ao\/wp-json\/wp\/v2\/types\/post"}],"author":[{"embeddable":true,"href":"https:\/\/rna.ao\/rna.ao\/wp-json\/wp\/v2\/users\/8"}],"replies":[{"embeddable":true,"href":"https:\/\/rna.ao\/rna.ao\/wp-json\/wp\/v2\/comments?post=10224"}],"version-history":[{"count":1,"href":"https:\/\/rna.ao\/rna.ao\/wp-json\/wp\/v2\/posts\/10224\/revisions"}],"predecessor-version":[{"id":10226,"href":"https:\/\/rna.ao\/rna.ao\/wp-json\/wp\/v2\/posts\/10224\/revisions\/10226"}],"wp:featuredmedia":[{"embeddable":true,"href":"https:\/\/rna.ao\/rna.ao\/wp-json\/wp\/v2\/media\/10007"}],"wp:attachment":[{"href":"https:\/\/rna.ao\/rna.ao\/wp-json\/wp\/v2\/media?parent=10224"}],"wp:term":[{"taxonomy":"category","embeddable":true,"href":"https:\/\/rna.ao\/rna.ao\/wp-json\/wp\/v2\/categories?post=10224"},{"taxonomy":"post_tag","embeddable":true,"href":"https:\/\/rna.ao\/rna.ao\/wp-json\/wp\/v2\/tags?post=10224"}],"curies":[{"name":"wp","href":"https:\/\/api.w.org\/{rel}","templated":true}]}}