{"id":10222,"date":"2020-10-31T03:29:52","date_gmt":"2020-10-31T02:29:52","guid":{"rendered":"https:\/\/rna.ao\/rna.ao\/?p=10222"},"modified":"2020-10-31T04:40:29","modified_gmt":"2020-10-31T03:40:29","slug":"pedro-goncalves-anuncia-convocados-no-dia-dos-finados","status":"publish","type":"post","link":"https:\/\/rna.ao\/rna.ao\/2020\/10\/31\/pedro-goncalves-anuncia-convocados-no-dia-dos-finados\/","title":{"rendered":"Pedro Gon\u00e7alves anuncia convocados no \u201cDia dos Finados\u201d"},"content":{"rendered":"<p><img loading=\"lazy\" class=\"wp-image-8018 alignleft\" src=\"https:\/\/rna.ao\/rna.ao\/wp-content\/uploads\/2020\/10\/Pedro-Goncalves-4-770x385.jpg\" alt=\"\" width=\"441\" height=\"221\" srcset=\"https:\/\/rna.ao\/rna.ao\/wp-content\/uploads\/2020\/10\/Pedro-Goncalves-4-770x385.jpg 770w, https:\/\/rna.ao\/rna.ao\/wp-content\/uploads\/2020\/10\/Pedro-Goncalves-4-1170x585.jpg 1170w, https:\/\/rna.ao\/rna.ao\/wp-content\/uploads\/2020\/10\/Pedro-Goncalves-4-768x384.jpg 768w, https:\/\/rna.ao\/rna.ao\/wp-content\/uploads\/2020\/10\/Pedro-Goncalves-4.jpg 1440w\" sizes=\"(max-width: 441px) 100vw, 441px\" \/><\/p>\n<p>O seleccionador dos Palancas Negras, Pedro Gon\u00e7alves, convocou uma confer\u00eancia de imprensa, via Zoom, para segunda-feira, 2 de Novembro, soube a R\u00e1dio 5.<\/p>\n<p>De acordo com um comunicado da Federa\u00e7\u00e3o Angolana de Futebol (FAF), este foi o dia escolhido, por Pedro Gon\u00e7alves, para indicar os jogadores com quem vai contar para o duplo compromisso com a Rep\u00fablica Democr\u00e1tica do Congo, em Novembro, primeiro em Kinshassa e depois em Luanda.<\/p>\n<p>De recordar que, a selec\u00e7\u00e3o nacional, a pensar neste duplo compromisso, com a RDC, cumpriu um curto est\u00e1gio pr\u00e9-competitivo em Portugal, onde de dois jogos previstos realizou apenas um, diante de Mo\u00e7ambique a quem venceu, por (3-0).<\/p>\n","protected":false},"excerpt":{"rendered":"<p>O seleccionador dos Palancas Negras, Pedro Gon\u00e7alves, convocou uma confer\u00eancia de imprensa, via Zoom, para segunda-feira, 2 de Novembro, soube a R\u00e1dio 5. De acordo com um comunicado da Federa\u00e7\u00e3o Angolana de Futebol (FAF), este foi o dia escolhido, por Pedro Gon\u00e7alves, para indicar os jogadores com quem vai contar ...<\/p>\n","protected":false},"author":8,"featured_media":7740,"comment_status":"closed","ping_status":"closed","sticky":false,"template":"","format":"standard","meta":[],"categories":[145,125,164],"tags":[],"_links":{"self":[{"href":"https:\/\/rna.ao\/rna.ao\/wp-json\/wp\/v2\/posts\/10222"}],"collection":[{"href":"https:\/\/rna.ao\/rna.ao\/wp-json\/wp\/v2\/posts"}],"about":[{"href":"https:\/\/rna.ao\/rna.ao\/wp-json\/wp\/v2\/types\/post"}],"author":[{"embeddable":true,"href":"https:\/\/rna.ao\/rna.ao\/wp-json\/wp\/v2\/users\/8"}],"replies":[{"embeddable":true,"href":"https:\/\/rna.ao\/rna.ao\/wp-json\/wp\/v2\/comments?post=10222"}],"version-history":[{"count":2,"href":"https:\/\/rna.ao\/rna.ao\/wp-json\/wp\/v2\/posts\/10222\/revisions"}],"predecessor-version":[{"id":10245,"href":"https:\/\/rna.ao\/rna.ao\/wp-json\/wp\/v2\/posts\/10222\/revisions\/10245"}],"wp:featuredmedia":[{"embeddable":true,"href":"https:\/\/rna.ao\/rna.ao\/wp-json\/wp\/v2\/media\/7740"}],"wp:attachment":[{"href":"https:\/\/rna.ao\/rna.ao\/wp-json\/wp\/v2\/media?parent=10222"}],"wp:term":[{"taxonomy":"category","embeddable":true,"href":"https:\/\/rna.ao\/rna.ao\/wp-json\/wp\/v2\/categories?post=10222"},{"taxonomy":"post_tag","embeddable":true,"href":"https:\/\/rna.ao\/rna.ao\/wp-json\/wp\/v2\/tags?post=10222"}],"curies":[{"name":"wp","href":"https:\/\/api.w.org\/{rel}","templated":true}]}}