{"id":10218,"date":"2020-10-31T03:25:07","date_gmt":"2020-10-31T02:25:07","guid":{"rendered":"https:\/\/rna.ao\/rna.ao\/?p=10218"},"modified":"2020-10-31T03:25:07","modified_gmt":"2020-10-31T02:25:07","slug":"premio-nacional-de-cultura-e-artes-estado-reconhece-a-titulo-postumo-matanyadi-norberto","status":"publish","type":"post","link":"https:\/\/rna.ao\/rna.ao\/2020\/10\/31\/premio-nacional-de-cultura-e-artes-estado-reconhece-a-titulo-postumo-matanyadi-norberto\/","title":{"rendered":"Pr\u00e9mio Nacional de Cultura e Artes: Estado reconhece a t\u00edtulo p\u00f3stumo Matan\u2019yadi Norberto"},"content":{"rendered":"<p><img loading=\"lazy\" class=\"size-full wp-image-10220 alignleft\" src=\"https:\/\/rna.ao\/rna.ao\/wp-content\/uploads\/2020\/10\/Estatueta-do-PNA.jpg\" alt=\"\" width=\"240\" height=\"320\" \/><\/p>\n<p>A Comiss\u00e3o do J\u00fari do Pr\u00e9mio Nacional de Cultura e Artes anunciou sexta-feira, 30 de Outubro, em Luanda, os vencedores deste galard\u00e3o, que engrandece o talento dos artistas angolanos.<\/p>\n<p>Nesta edi\u00e7\u00e3o, foram distinguidos na categoria de m\u00fasica a compositora Rosa Roque, e na literatura o escritor Jo\u00e3o Maimona.<\/p>\n<p>Na disciplina da dan\u00e7a, o Grupo de Kalofulofo Wino Wa Matemba, do Moxico, levou o pr\u00e9mio, enquanto Paulo Kapela, na categoria de artes visuais e pl\u00e1sticas, \u00e9 o vencedor da edi\u00e7\u00e3o de 2020.<\/p>\n<p>O Centro de Estudos e Investiga\u00e7\u00e3o Cient\u00edfica, da Universidade Cat\u00f3lica de Angola, ficou com o pr\u00e9mio na disciplina de investiga\u00e7\u00e3o e ci\u00eancias humanas e sociais-<\/p>\n<p>A t\u00edtulo p\u00f3stumo, o j\u00fari entregou o pr\u00e9mio \u00e0 Matan\u2019yadi Norberto, na categoria de teatro, e a cineasta Sara Maldoror na disciplina de cinema e audiovisual.<\/p>\n<p>A entrega dos pr\u00e9mios est\u00e1 marcada para dia 6 de Novembro, deste ano. Clique no \u00e1udio, em baixo, e saiba mais dados com o jornalista Walter Ars\u00e9nio:<\/p>\n\t<div class=\"qtmplayer-playlist-large\">\n\t\t<ul class=\"qtmplayer-playlist\">\n\t\t\t\n\t\t\t\t\t<li class=\"qtmplayer-trackitem\">\n\t\t<img src=\"https:\/\/rna.ao\/rna.ao\/wp-content\/uploads\/2020\/10\/Estatueta-do-PNA-100x100.jpg\" alt=\"cover\">\t\t<span \t\t\tdata-qtmplayer-cover=\"https:\/\/rna.ao\/rna.ao\/wp-content\/uploads\/2020\/10\/Estatueta-do-PNA.jpg\"\n\t\t\t\t\t\tdata-qtmplayer-file=\"https:\/\/rna.ao\/rna.ao\/wp-content\/uploads\/2020\/10\/WALTER-ARSENIO.mp3\"\n\t\t\t\t\t\tdata-qtmplayer-title=\"Pr\u00e9mio Nacional de Cultura e Artes: Estado reconhece a t\u00edtulo p\u00f3stumo Matan\u2019yadi Norberto\"\n\t\t\t\t\t\tdata-qtmplayer-artist=\"RNA\"\n\t\t\t\t\t\tdata-qtmplayer-link=\"https:\/\/rna.ao\/rna.ao\/2020\/10\/31\/premio-nacional-de-cultura-e-artes-estado-reconhece-a-titulo-postumo-matanyadi-norberto\/\"\n\t\t\t\t\t\tdata-qtmplayer-icon=\"file_download\"\n\t\t\t\t\t\tdata-qtmplayer-type=\"track\"\n\t\t\t class=\"qtmplayer-play qtmplayer-link-sec qtmplayer-play-btn\"><i class='material-icons'>play_arrow<\/i><\/span>\n\t\t<p>\n\t\t\t<span class=\"qtmplayer-tit\">Pr\u00e9mio Nacional de Cultura e Artes: Estado reconhece a t\u00edtulo p\u00f3stumo Matan\u2019yadi Norberto<\/span>\n\t\t\t<span class=\"qtmplayer-art\">RNA<\/span>\n\t\t<\/p>\n\t<\/li>\n\t\t<\/ul>\n\t<\/div>\t\t\t\n\t\n<p>Fonte: RNA<\/p>\n","protected":false},"excerpt":{"rendered":"<p>A Comiss\u00e3o do J\u00fari do Pr\u00e9mio Nacional de Cultura e Artes anunciou sexta-feira, 30 de Outubro, em Luanda, os vencedores deste galard\u00e3o, que engrandece o talento dos artistas angolanos. Nesta edi\u00e7\u00e3o, foram distinguidos na categoria de m\u00fasica a compositora Rosa Roque, e na literatura o escritor Jo\u00e3o Maimona. Na disciplina ...<\/p>\n","protected":false},"author":8,"featured_media":10220,"comment_status":"closed","ping_status":"closed","sticky":false,"template":"","format":"standard","meta":[],"categories":[121,163],"tags":[],"_links":{"self":[{"href":"https:\/\/rna.ao\/rna.ao\/wp-json\/wp\/v2\/posts\/10218"}],"collection":[{"href":"https:\/\/rna.ao\/rna.ao\/wp-json\/wp\/v2\/posts"}],"about":[{"href":"https:\/\/rna.ao\/rna.ao\/wp-json\/wp\/v2\/types\/post"}],"author":[{"embeddable":true,"href":"https:\/\/rna.ao\/rna.ao\/wp-json\/wp\/v2\/users\/8"}],"replies":[{"embeddable":true,"href":"https:\/\/rna.ao\/rna.ao\/wp-json\/wp\/v2\/comments?post=10218"}],"version-history":[{"count":1,"href":"https:\/\/rna.ao\/rna.ao\/wp-json\/wp\/v2\/posts\/10218\/revisions"}],"predecessor-version":[{"id":10221,"href":"https:\/\/rna.ao\/rna.ao\/wp-json\/wp\/v2\/posts\/10218\/revisions\/10221"}],"wp:featuredmedia":[{"embeddable":true,"href":"https:\/\/rna.ao\/rna.ao\/wp-json\/wp\/v2\/media\/10220"}],"wp:attachment":[{"href":"https:\/\/rna.ao\/rna.ao\/wp-json\/wp\/v2\/media?parent=10218"}],"wp:term":[{"taxonomy":"category","embeddable":true,"href":"https:\/\/rna.ao\/rna.ao\/wp-json\/wp\/v2\/categories?post=10218"},{"taxonomy":"post_tag","embeddable":true,"href":"https:\/\/rna.ao\/rna.ao\/wp-json\/wp\/v2\/tags?post=10218"}],"curies":[{"name":"wp","href":"https:\/\/api.w.org\/{rel}","templated":true}]}}