{"id":10211,"date":"2020-10-31T03:01:35","date_gmt":"2020-10-31T02:01:35","guid":{"rendered":"https:\/\/rna.ao\/rna.ao\/?p=10211"},"modified":"2020-10-31T03:01:35","modified_gmt":"2020-10-31T02:01:35","slug":"secil-maritima-recebe-primeiro-ferry-boat-de-passageiro-e-carga-denominado-cabinda","status":"publish","type":"post","link":"https:\/\/rna.ao\/rna.ao\/2020\/10\/31\/secil-maritima-recebe-primeiro-ferry-boat-de-passageiro-e-carga-denominado-cabinda\/","title":{"rendered":"Secil Mar\u00edtima recebe primeiro ferry boat de passageiro e carga denominado \u201cCabinda\u201d"},"content":{"rendered":"<p><img loading=\"lazy\" class=\"size-full wp-image-10214 alignleft\" src=\"https:\/\/rna.ao\/rna.ao\/wp-content\/uploads\/2020\/10\/Ferry-Boat.jpg\" alt=\"\" width=\"328\" height=\"220\" \/><\/p>\n<p>A Secil Mar\u00edtima anunciou a chegada na noite de sexta-feira, 30 de Outubro, ao pa\u00eds, do ferry boat denominado \u201cCabinda\u201d, proveniente de Singapura.<\/p>\n<p>A referida embarca\u00e7\u00e3o tem capacidade para transportar sessenta pessoas, oito contentores e dez autom\u00f3veis.<\/p>\n<p>Segundo o director comercial de marketing da Secil Mar\u00edtima, On\u00e9simo Gaspar, o ferry boat, uma encomenda do Governo angolano, vai integrar a frota de catamar\u00e3s, para assegurar a rota mar\u00edtima Luanda\/Soyo\/Cabinda e vice-versa. Clique no \u00e1udio, em baixo, e ou\u00e7a:<\/p>\n\t<div class=\"qtmplayer-playlist-large\">\n\t\t<ul class=\"qtmplayer-playlist\">\n\t\t\t\n\t\t\t\t\t<li class=\"qtmplayer-trackitem\">\n\t\t<img src=\"https:\/\/rna.ao\/rna.ao\/wp-content\/uploads\/2020\/10\/Ferry-Boat-100x100.jpg\" alt=\"cover\">\t\t<span \t\t\tdata-qtmplayer-cover=\"https:\/\/rna.ao\/rna.ao\/wp-content\/uploads\/2020\/10\/Ferry-Boat.jpg\"\n\t\t\t\t\t\tdata-qtmplayer-file=\"https:\/\/rna.ao\/rna.ao\/wp-content\/uploads\/2020\/10\/ONESIMO-GASPAR.mp3\"\n\t\t\t\t\t\tdata-qtmplayer-title=\"Secil Mar\u00edtima recebe primeiro ferry boat de passageiro e carga denominado \u201cCabinda\u201d\"\n\t\t\t\t\t\tdata-qtmplayer-artist=\"RNA\"\n\t\t\t\t\t\tdata-qtmplayer-link=\"https:\/\/rna.ao\/rna.ao\/2020\/10\/31\/secil-maritima-recebe-primeiro-ferry-boat-de-passageiro-e-carga-denominado-cabinda\/\"\n\t\t\t\t\t\tdata-qtmplayer-icon=\"file_download\"\n\t\t\t\t\t\tdata-qtmplayer-type=\"track\"\n\t\t\t class=\"qtmplayer-play qtmplayer-link-sec qtmplayer-play-btn\"><i class='material-icons'>play_arrow<\/i><\/span>\n\t\t<p>\n\t\t\t<span class=\"qtmplayer-tit\">Secil Mar\u00edtima recebe primeiro ferry boat de passageiro e carga denominado \u201cCabinda\u201d<\/span>\n\t\t\t<span class=\"qtmplayer-art\">RNA<\/span>\n\t\t<\/p>\n\t<\/li>\n\t\t<\/ul>\n\t<\/div>\t\t\t\n\t\n<p>Fonte: RNA<\/p>\n","protected":false},"excerpt":{"rendered":"<p>A Secil Mar\u00edtima anunciou a chegada na noite de sexta-feira, 30 de Outubro, ao pa\u00eds, do ferry boat denominado \u201cCabinda\u201d, proveniente de Singapura. A referida embarca\u00e7\u00e3o tem capacidade para transportar sessenta pessoas, oito contentores e dez autom\u00f3veis. Segundo o director comercial de marketing da Secil Mar\u00edtima, On\u00e9simo Gaspar, o ferry ...<\/p>\n","protected":false},"author":8,"featured_media":10214,"comment_status":"closed","ping_status":"closed","sticky":false,"template":"","format":"standard","meta":[],"categories":[142,121,164,163],"tags":[],"_links":{"self":[{"href":"https:\/\/rna.ao\/rna.ao\/wp-json\/wp\/v2\/posts\/10211"}],"collection":[{"href":"https:\/\/rna.ao\/rna.ao\/wp-json\/wp\/v2\/posts"}],"about":[{"href":"https:\/\/rna.ao\/rna.ao\/wp-json\/wp\/v2\/types\/post"}],"author":[{"embeddable":true,"href":"https:\/\/rna.ao\/rna.ao\/wp-json\/wp\/v2\/users\/8"}],"replies":[{"embeddable":true,"href":"https:\/\/rna.ao\/rna.ao\/wp-json\/wp\/v2\/comments?post=10211"}],"version-history":[{"count":1,"href":"https:\/\/rna.ao\/rna.ao\/wp-json\/wp\/v2\/posts\/10211\/revisions"}],"predecessor-version":[{"id":10215,"href":"https:\/\/rna.ao\/rna.ao\/wp-json\/wp\/v2\/posts\/10211\/revisions\/10215"}],"wp:featuredmedia":[{"embeddable":true,"href":"https:\/\/rna.ao\/rna.ao\/wp-json\/wp\/v2\/media\/10214"}],"wp:attachment":[{"href":"https:\/\/rna.ao\/rna.ao\/wp-json\/wp\/v2\/media?parent=10211"}],"wp:term":[{"taxonomy":"category","embeddable":true,"href":"https:\/\/rna.ao\/rna.ao\/wp-json\/wp\/v2\/categories?post=10211"},{"taxonomy":"post_tag","embeddable":true,"href":"https:\/\/rna.ao\/rna.ao\/wp-json\/wp\/v2\/tags?post=10211"}],"curies":[{"name":"wp","href":"https:\/\/api.w.org\/{rel}","templated":true}]}}