{"id":10207,"date":"2020-10-31T02:46:07","date_gmt":"2020-10-31T01:46:07","guid":{"rendered":"https:\/\/rna.ao\/rna.ao\/?p=10207"},"modified":"2020-11-01T07:20:14","modified_gmt":"2020-11-01T06:20:14","slug":"baquetebol-petro-de-luanda-podera-representar-angola-no-ruanda","status":"publish","type":"post","link":"https:\/\/rna.ao\/rna.ao\/2020\/10\/31\/baquetebol-petro-de-luanda-podera-representar-angola-no-ruanda\/","title":{"rendered":"Basquetebol: Petro de Luanda poder\u00e1 representar Angola no Ruanda"},"content":{"rendered":"<p><img loading=\"lazy\" class=\"wp-image-6350 alignleft\" src=\"https:\/\/rna.ao\/rna.ao\/wp-content\/uploads\/2020\/10\/bola-a-cesta-2.jpg\" alt=\"\" width=\"375\" height=\"249\" \/><\/p>\n<p>A equipa principal de basquetebol s\u00e9nior masculina do Atl\u00e9tico Petr\u00f3leos de Luanda poder\u00e1 representar o pa\u00eds, na primeira janela qualificativa do Afrobasquete do pr\u00f3ximo ano.<\/p>\n<p>A menos de um m\u00eas da abertura da competi\u00e7\u00e3o, prevista para Kigali, no Ruanda, a comiss\u00e3o de gest\u00e3o liderada por Gustavo Dias da Concei\u00e7\u00e3o, pondera indicar o Petro de Luanda, campe\u00e3o nacional em t\u00edtulo, j\u00e1 que o processo, que deveria come\u00e7ar com a indica\u00e7\u00e3o do novo seleccionador nacional, e posteriormente a indica\u00e7\u00e3o dos convocados, est\u00e1 atrasad\u00edssimo.<\/p>\n<p>Em princ\u00edpio, perspectiva-se a indica\u00e7\u00e3o de um t\u00e9cnico nacional, e o n\u00famero um da Comiss\u00e3o de Gest\u00e3o defende que seja um t\u00e9cnico que reside no pa\u00eds, e que conhe\u00e7a a realidade do basquetebol angolano.<\/p>\n<p>De referir que, Angola figura no Grupo B, ao lado do Senegal, Qu\u00e9nia e Mo\u00e7ambique, tr\u00eas selec\u00e7\u00f5es que j\u00e1 anunciaram os seus atletas, para esta janela que vai acontecer entre 27 e 29 de Novembro, em Kigali, capital do Ruanda.<\/p>\n","protected":false},"excerpt":{"rendered":"<p>A equipa principal de basquetebol s\u00e9nior masculina do Atl\u00e9tico Petr\u00f3leos de Luanda poder\u00e1 representar o pa\u00eds, na primeira janela qualificativa do Afrobasquete do pr\u00f3ximo ano. A menos de um m\u00eas da abertura da competi\u00e7\u00e3o, prevista para Kigali, no Ruanda, a comiss\u00e3o de gest\u00e3o liderada por Gustavo Dias da Concei\u00e7\u00e3o, pondera ...<\/p>\n","protected":false},"author":8,"featured_media":10209,"comment_status":"closed","ping_status":"closed","sticky":false,"template":"","format":"standard","meta":[],"categories":[145,125,164,163],"tags":[],"_links":{"self":[{"href":"https:\/\/rna.ao\/rna.ao\/wp-json\/wp\/v2\/posts\/10207"}],"collection":[{"href":"https:\/\/rna.ao\/rna.ao\/wp-json\/wp\/v2\/posts"}],"about":[{"href":"https:\/\/rna.ao\/rna.ao\/wp-json\/wp\/v2\/types\/post"}],"author":[{"embeddable":true,"href":"https:\/\/rna.ao\/rna.ao\/wp-json\/wp\/v2\/users\/8"}],"replies":[{"embeddable":true,"href":"https:\/\/rna.ao\/rna.ao\/wp-json\/wp\/v2\/comments?post=10207"}],"version-history":[{"count":2,"href":"https:\/\/rna.ao\/rna.ao\/wp-json\/wp\/v2\/posts\/10207\/revisions"}],"predecessor-version":[{"id":10252,"href":"https:\/\/rna.ao\/rna.ao\/wp-json\/wp\/v2\/posts\/10207\/revisions\/10252"}],"wp:featuredmedia":[{"embeddable":true,"href":"https:\/\/rna.ao\/rna.ao\/wp-json\/wp\/v2\/media\/10209"}],"wp:attachment":[{"href":"https:\/\/rna.ao\/rna.ao\/wp-json\/wp\/v2\/media?parent=10207"}],"wp:term":[{"taxonomy":"category","embeddable":true,"href":"https:\/\/rna.ao\/rna.ao\/wp-json\/wp\/v2\/categories?post=10207"},{"taxonomy":"post_tag","embeddable":true,"href":"https:\/\/rna.ao\/rna.ao\/wp-json\/wp\/v2\/tags?post=10207"}],"curies":[{"name":"wp","href":"https:\/\/api.w.org\/{rel}","templated":true}]}}