{"id":10197,"date":"2020-10-31T02:17:03","date_gmt":"2020-10-31T01:17:03","guid":{"rendered":"https:\/\/rna.ao\/rna.ao\/?p=10197"},"modified":"2020-10-31T04:27:45","modified_gmt":"2020-10-31T03:27:45","slug":"pr-expressa-pesar-a-dos-santos-pela-morte-do-genro-sindika-dokolo","status":"publish","type":"post","link":"https:\/\/rna.ao\/rna.ao\/2020\/10\/31\/pr-expressa-pesar-a-dos-santos-pela-morte-do-genro-sindika-dokolo\/","title":{"rendered":"PR expressa pesar \u00e0 Dos Santos pela morte do genro Sindika Dokolo"},"content":{"rendered":"<p>&nbsp;<\/p>\n<p>O Presidente da Rep\u00fablica, Jo\u00e3o Manuel Gon\u00e7alves Louren\u00e7o, endere\u00e7ou sexta-feira, 30 de Outubro, ao seu antecessor Jos\u00e9 Eduardo dos Santos, sentimentos de pesar, pela morte do genro, Sindika Dokolo, casado com a empres\u00e1ria Isabel dos Santos.<\/p>\n<p>\u201cManifesto os mais profundos sentimentos de pesar, ao Presidente Jos\u00e9 Eduardo dos Santos, pela morte tr\u00e1gica de seu genro Sindika Dokolo, cuja not\u00edcia surpreendeu a sociedade angolana\u201d, escreveu Jo\u00e3o Louren\u00e7o, na sua conta do Tweeter.<\/p>\n<p>O empres\u00e1rio congol\u00eas, casado com a filha de Jos\u00e9 Eduardo dos Santos, morreu quinta-feira (29), no Dubai, aos 48 anos, num acidente de mergulho.<\/p>\n<p>Sindika Dokolo era conhecido, por ser um dos rostos da oposi\u00e7\u00e3o na Rep\u00fablica Democr\u00e1tica do Congo, e um dos promotores do regresso da arte africana exposta na Europa, reparando aquilo que considerava ser uma consequ\u00eancia da coloniza\u00e7\u00e3o do continente.<\/p>\n<p>Nascido no antigo Za\u00edre, a 16 de Maio de 1972, actual RDC, Sindika Dokolo iniciou a sua colec\u00e7\u00e3o de arte quando tinha 15 anos de idade.<\/p>\n<p>Em Outubro do ano passado, a sua Funda\u00e7\u00e3o comprou e repatriou, para Angola, vinte pe\u00e7as de arte que tinham sido levadas de Museus angolanos, para colec\u00e7\u00f5es estrangeiras.<\/p>\n","protected":false},"excerpt":{"rendered":"<p>&nbsp; O Presidente da Rep\u00fablica, Jo\u00e3o Manuel Gon\u00e7alves Louren\u00e7o, endere\u00e7ou sexta-feira, 30 de Outubro, ao seu antecessor Jos\u00e9 Eduardo dos Santos, sentimentos de pesar, pela morte do genro, Sindika Dokolo, casado com a empres\u00e1ria Isabel dos Santos. \u201cManifesto os mais profundos sentimentos de pesar, ao Presidente Jos\u00e9 Eduardo dos Santos, ...<\/p>\n","protected":false},"author":8,"featured_media":7699,"comment_status":"closed","ping_status":"closed","sticky":false,"template":"","format":"standard","meta":[],"categories":[142,163],"tags":[],"_links":{"self":[{"href":"https:\/\/rna.ao\/rna.ao\/wp-json\/wp\/v2\/posts\/10197"}],"collection":[{"href":"https:\/\/rna.ao\/rna.ao\/wp-json\/wp\/v2\/posts"}],"about":[{"href":"https:\/\/rna.ao\/rna.ao\/wp-json\/wp\/v2\/types\/post"}],"author":[{"embeddable":true,"href":"https:\/\/rna.ao\/rna.ao\/wp-json\/wp\/v2\/users\/8"}],"replies":[{"embeddable":true,"href":"https:\/\/rna.ao\/rna.ao\/wp-json\/wp\/v2\/comments?post=10197"}],"version-history":[{"count":2,"href":"https:\/\/rna.ao\/rna.ao\/wp-json\/wp\/v2\/posts\/10197\/revisions"}],"predecessor-version":[{"id":10241,"href":"https:\/\/rna.ao\/rna.ao\/wp-json\/wp\/v2\/posts\/10197\/revisions\/10241"}],"wp:featuredmedia":[{"embeddable":true,"href":"https:\/\/rna.ao\/rna.ao\/wp-json\/wp\/v2\/media\/7699"}],"wp:attachment":[{"href":"https:\/\/rna.ao\/rna.ao\/wp-json\/wp\/v2\/media?parent=10197"}],"wp:term":[{"taxonomy":"category","embeddable":true,"href":"https:\/\/rna.ao\/rna.ao\/wp-json\/wp\/v2\/categories?post=10197"},{"taxonomy":"post_tag","embeddable":true,"href":"https:\/\/rna.ao\/rna.ao\/wp-json\/wp\/v2\/tags?post=10197"}],"curies":[{"name":"wp","href":"https:\/\/api.w.org\/{rel}","templated":true}]}}