{"id":10180,"date":"2020-10-30T08:07:53","date_gmt":"2020-10-30T07:07:53","guid":{"rendered":"https:\/\/rna.ao\/rna.ao\/?p=10180"},"modified":"2020-10-30T08:07:53","modified_gmt":"2020-10-30T07:07:53","slug":"centro-oncologico-com-200-casos-dia-em-epoca-da-covid-19","status":"publish","type":"post","link":"https:\/\/rna.ao\/rna.ao\/2020\/10\/30\/centro-oncologico-com-200-casos-dia-em-epoca-da-covid-19\/","title":{"rendered":"Centro oncol\u00f3gico com 200 casos dia em \u00e9poca da Covid-19"},"content":{"rendered":"<p><img loading=\"lazy\" class=\"wp-image-9353 aligncenter\" src=\"https:\/\/rna.ao\/rna.ao\/wp-content\/uploads\/2020\/10\/can-770x513.jpg\" alt=\"\" width=\"561\" height=\"374\" srcset=\"https:\/\/rna.ao\/rna.ao\/wp-content\/uploads\/2020\/10\/can-770x513.jpg 770w, https:\/\/rna.ao\/rna.ao\/wp-content\/uploads\/2020\/10\/can-768x512.jpg 768w, https:\/\/rna.ao\/rna.ao\/wp-content\/uploads\/2020\/10\/can.jpg 900w\" sizes=\"(max-width: 561px) 100vw, 561px\" \/><\/p>\n<p>Duzentos pacientes s\u00e3o atendidos, diariamente, no Centro Nacional de Oncologia, durante a fase de pandemia da Covid-19, em que se regista uma redu\u00e7\u00e3o hor\u00e1ria no funcionamento da Institui\u00e7\u00e3o, reportou a RNA, sexta-feira, 30\/10.<\/p>\n<p>Deste n\u00famero, grande parte desloca-se ao centro j\u00e1 em estado avan\u00e7ado do cancro, segundo precisou a directora cl\u00ednica do Instituto Nacional de Luta Contra o Cancro, Isabel Sales C\u00e2ndido.<\/p>\n<p>\u201cN\u00f3s conseguimos durante a fase de consultas de rotina rastrear les\u00f5es iniciais, mas tem sido raro quando o paciente vem a consulta, rastrearmos uma doen\u00e7a em estado precoce, porque, normalmente, quando chegam j\u00e1 est\u00e3o num estado mais avan\u00e7ado\u201d, alarmou.<\/p>\n","protected":false},"excerpt":{"rendered":"<p>Duzentos pacientes s\u00e3o atendidos, diariamente, no Centro Nacional de Oncologia, durante a fase de pandemia da Covid-19, em que se regista uma redu\u00e7\u00e3o hor\u00e1ria no funcionamento da Institui\u00e7\u00e3o, reportou a RNA, sexta-feira, 30\/10. Deste n\u00famero, grande parte desloca-se ao centro j\u00e1 em estado avan\u00e7ado do cancro, segundo precisou a directora ...<\/p>\n","protected":false},"author":8,"featured_media":9353,"comment_status":"closed","ping_status":"closed","sticky":false,"template":"","format":"standard","meta":[],"categories":[141],"tags":[],"_links":{"self":[{"href":"https:\/\/rna.ao\/rna.ao\/wp-json\/wp\/v2\/posts\/10180"}],"collection":[{"href":"https:\/\/rna.ao\/rna.ao\/wp-json\/wp\/v2\/posts"}],"about":[{"href":"https:\/\/rna.ao\/rna.ao\/wp-json\/wp\/v2\/types\/post"}],"author":[{"embeddable":true,"href":"https:\/\/rna.ao\/rna.ao\/wp-json\/wp\/v2\/users\/8"}],"replies":[{"embeddable":true,"href":"https:\/\/rna.ao\/rna.ao\/wp-json\/wp\/v2\/comments?post=10180"}],"version-history":[{"count":1,"href":"https:\/\/rna.ao\/rna.ao\/wp-json\/wp\/v2\/posts\/10180\/revisions"}],"predecessor-version":[{"id":10181,"href":"https:\/\/rna.ao\/rna.ao\/wp-json\/wp\/v2\/posts\/10180\/revisions\/10181"}],"wp:featuredmedia":[{"embeddable":true,"href":"https:\/\/rna.ao\/rna.ao\/wp-json\/wp\/v2\/media\/9353"}],"wp:attachment":[{"href":"https:\/\/rna.ao\/rna.ao\/wp-json\/wp\/v2\/media?parent=10180"}],"wp:term":[{"taxonomy":"category","embeddable":true,"href":"https:\/\/rna.ao\/rna.ao\/wp-json\/wp\/v2\/categories?post=10180"},{"taxonomy":"post_tag","embeddable":true,"href":"https:\/\/rna.ao\/rna.ao\/wp-json\/wp\/v2\/tags?post=10180"}],"curies":[{"name":"wp","href":"https:\/\/api.w.org\/{rel}","templated":true}]}}