{"id":10176,"date":"2020-10-30T08:05:28","date_gmt":"2020-10-30T07:05:28","guid":{"rendered":"https:\/\/rna.ao\/rna.ao\/?p=10176"},"modified":"2020-10-30T08:05:28","modified_gmt":"2020-10-30T07:05:28","slug":"e-imprescidivel-recuar-para-quem-ja-marcou-dois-passos-para-frente","status":"publish","type":"post","link":"https:\/\/rna.ao\/rna.ao\/2020\/10\/30\/e-imprescidivel-recuar-para-quem-ja-marcou-dois-passos-para-frente\/","title":{"rendered":"\u201c\u00c9 Imprescid\u00edvel Recuar Para Quem J\u00e1 Marcou Dois Passos Para Frente\u201d"},"content":{"rendered":"<p><img loading=\"lazy\" class=\"size-full wp-image-10178 alignleft\" src=\"https:\/\/rna.ao\/rna.ao\/wp-content\/uploads\/2020\/10\/Kanda-Koffi-Luso.jpg\" alt=\"\" width=\"361\" height=\"398\" \/><\/p>\n<p>Emanuel Costa Jos\u00e9 ou simplesmente Kanda, \u00e9 m\u00fasico, compositor e produtor angolano.<\/p>\n<p>Kanda, come\u00e7ou a dar os seus primeiros passos na escola dominical de uma igreja com apenas oito anos de idade (8) e canta profissionalmente a sete anos (7).<\/p>\n<p>O artista angolano \u00e9 formado em m\u00fasica e toca alguns instrumentos musicais. Dono de uma rica e d\u00f3cil voz, kanda apresentou-se ao publico na sua estreia cantando num estilo diferente do que faz hoje.<\/p>\n<p>Come\u00e7ou fazendo jazz fusion, quilapanga numa sonoridade mais calmo e hoje actua mais no estilo Kizomba, Guetto zouk em fim\u2026 Estilos mais comerciais.<\/p>\n<p>Em entrevista ao canal internacional, Kanda disse que a nossa m\u00fasica em termos de letra estamos a caminhar bem ao passo que vocalmente h\u00e1 que se trabalhar e melhorar, porque \u00e9 imprescind\u00edvel recuar para quem j\u00e1 marcou dois passos para frente.<\/p>\n\t<div class=\"qtmplayer-playlist-large\">\n\t\t<ul class=\"qtmplayer-playlist\">\n\t\t\t\n\t\t\t\t\t<li class=\"qtmplayer-trackitem\">\n\t\t<img src=\"https:\/\/rna.ao\/rna.ao\/wp-content\/uploads\/2020\/10\/Kanda-Koffi-Luso-100x100.jpg\" alt=\"cover\">\t\t<span \t\t\tdata-qtmplayer-cover=\"https:\/\/rna.ao\/rna.ao\/wp-content\/uploads\/2020\/10\/Kanda-Koffi-Luso.jpg\"\n\t\t\t\t\t\tdata-qtmplayer-file=\"https:\/\/rna.ao\/rna.ao\/wp-content\/uploads\/2020\/10\/KANDA.mp3\"\n\t\t\t\t\t\tdata-qtmplayer-title=\"\u201c\u00c9 Imprescid\u00edvel Recuar Para Quem J\u00e1 Marcou Dois Passos Para Frente\u201d\"\n\t\t\t\t\t\tdata-qtmplayer-artist=\"RNA\"\n\t\t\t\t\t\tdata-qtmplayer-link=\"https:\/\/rna.ao\/rna.ao\/2020\/10\/30\/e-imprescidivel-recuar-para-quem-ja-marcou-dois-passos-para-frente\/\"\n\t\t\t\t\t\tdata-qtmplayer-icon=\"file_download\"\n\t\t\t\t\t\tdata-qtmplayer-type=\"track\"\n\t\t\t class=\"qtmplayer-play qtmplayer-link-sec qtmplayer-play-btn\"><i class='material-icons'>play_arrow<\/i><\/span>\n\t\t<p>\n\t\t\t<span class=\"qtmplayer-tit\">\u201c\u00c9 Imprescid\u00edvel Recuar Para Quem J\u00e1 Marcou Dois Passos Para Frente\u201d<\/span>\n\t\t\t<span class=\"qtmplayer-art\">RNA<\/span>\n\t\t<\/p>\n\t<\/li>\n\t\t<\/ul>\n\t<\/div>\t\t\t\n\t\n","protected":false},"excerpt":{"rendered":"<p>Emanuel Costa Jos\u00e9 ou simplesmente Kanda, \u00e9 m\u00fasico, compositor e produtor angolano. Kanda, come\u00e7ou a dar os seus primeiros passos na escola dominical de uma igreja com apenas oito anos de idade (8) e canta profissionalmente a sete anos (7). O artista angolano \u00e9 formado em m\u00fasica e toca alguns ...<\/p>\n","protected":false},"author":8,"featured_media":10178,"comment_status":"closed","ping_status":"closed","sticky":false,"template":"","format":"standard","meta":[],"categories":[143],"tags":[],"_links":{"self":[{"href":"https:\/\/rna.ao\/rna.ao\/wp-json\/wp\/v2\/posts\/10176"}],"collection":[{"href":"https:\/\/rna.ao\/rna.ao\/wp-json\/wp\/v2\/posts"}],"about":[{"href":"https:\/\/rna.ao\/rna.ao\/wp-json\/wp\/v2\/types\/post"}],"author":[{"embeddable":true,"href":"https:\/\/rna.ao\/rna.ao\/wp-json\/wp\/v2\/users\/8"}],"replies":[{"embeddable":true,"href":"https:\/\/rna.ao\/rna.ao\/wp-json\/wp\/v2\/comments?post=10176"}],"version-history":[{"count":1,"href":"https:\/\/rna.ao\/rna.ao\/wp-json\/wp\/v2\/posts\/10176\/revisions"}],"predecessor-version":[{"id":10179,"href":"https:\/\/rna.ao\/rna.ao\/wp-json\/wp\/v2\/posts\/10176\/revisions\/10179"}],"wp:featuredmedia":[{"embeddable":true,"href":"https:\/\/rna.ao\/rna.ao\/wp-json\/wp\/v2\/media\/10178"}],"wp:attachment":[{"href":"https:\/\/rna.ao\/rna.ao\/wp-json\/wp\/v2\/media?parent=10176"}],"wp:term":[{"taxonomy":"category","embeddable":true,"href":"https:\/\/rna.ao\/rna.ao\/wp-json\/wp\/v2\/categories?post=10176"},{"taxonomy":"post_tag","embeddable":true,"href":"https:\/\/rna.ao\/rna.ao\/wp-json\/wp\/v2\/tags?post=10176"}],"curies":[{"name":"wp","href":"https:\/\/api.w.org\/{rel}","templated":true}]}}