{"id":10118,"date":"2020-10-30T03:16:44","date_gmt":"2020-10-30T02:16:44","guid":{"rendered":"https:\/\/rna.ao\/rna.ao\/?p=10118"},"modified":"2020-10-30T03:58:14","modified_gmt":"2020-10-30T02:58:14","slug":"lider-do-mpla-lamenta-recente-detencao-de-jornalistas","status":"publish","type":"post","link":"https:\/\/rna.ao\/rna.ao\/2020\/10\/30\/lider-do-mpla-lamenta-recente-detencao-de-jornalistas\/","title":{"rendered":"L\u00edder do MPLA lamenta recente deten\u00e7\u00e3o de jornalistas"},"content":{"rendered":"<p><img loading=\"lazy\" class=\"size-full wp-image-10077 alignleft\" src=\"https:\/\/rna.ao\/rna.ao\/wp-content\/uploads\/2020\/10\/JLO-1.jpg\" alt=\"\" width=\"330\" height=\"195\" \/><\/p>\n<p>O presidente do MPLA lamentou quinta-feira, 29 de Outubro, a deten\u00e7\u00e3o de jornalistas, ocorrida no \u00faltimo s\u00e1bado, quando procediam a cobertura de uma manifesta\u00e7\u00e3o frustrada pela Pol\u00edcia Nacional.<\/p>\n<p>Ao discursar na abertura da IV\u00aa sess\u00e3o ordin\u00e1ria do Comit\u00e9 Central do MPLA, Jo\u00e3o Louren\u00e7o, disse esperar que as deten\u00e7\u00f5es n\u00e3o voltem a acontecer.<\/p>\n<p>Aos promotores da manifesta\u00e7\u00e3o, o presidente do \u201cpartido dos camaradas\u201d lembrou, que n\u00e3o \u00e9 concretiz\u00e1vel, no actual contexto pol\u00edtico Constitucional, a estrat\u00e9gia de tornar o pa\u00eds ingovern\u00e1vel, e for\u00e7ar negocia\u00e7\u00f5es bilaterais. Clique no \u00e1udio, em baixo, e ou\u00e7a:<\/p>\n\t<div class=\"qtmplayer-playlist-large\">\n\t\t<ul class=\"qtmplayer-playlist\">\n\t\t\t\n\t\t\t\t\t<li class=\"qtmplayer-trackitem\">\n\t\t<img src=\"https:\/\/rna.ao\/rna.ao\/wp-content\/uploads\/2020\/10\/JLO-FFF-100x100.jpg\" alt=\"cover\">\t\t<span \t\t\tdata-qtmplayer-cover=\"https:\/\/rna.ao\/rna.ao\/wp-content\/uploads\/2020\/10\/JLO-FFF.jpg\"\n\t\t\t\t\t\tdata-qtmplayer-file=\"https:\/\/rna.ao\/rna.ao\/wp-content\/uploads\/2020\/10\/JLO-3-JORNALISTAS.mp3\"\n\t\t\t\t\t\tdata-qtmplayer-title=\"L\u00edder do MPLA lamenta recente deten\u00e7\u00e3o de jornalistas\"\n\t\t\t\t\t\tdata-qtmplayer-artist=\"RNA\"\n\t\t\t\t\t\tdata-qtmplayer-link=\"https:\/\/rna.ao\/rna.ao\/2020\/10\/30\/lider-do-mpla-lamenta-recente-detencao-de-jornalistas\/\"\n\t\t\t\t\t\tdata-qtmplayer-icon=\"file_download\"\n\t\t\t\t\t\tdata-qtmplayer-type=\"track\"\n\t\t\t class=\"qtmplayer-play qtmplayer-link-sec qtmplayer-play-btn\"><i class='material-icons'>play_arrow<\/i><\/span>\n\t\t<p>\n\t\t\t<span class=\"qtmplayer-tit\">L\u00edder do MPLA lamenta recente deten\u00e7\u00e3o de jornalistas<\/span>\n\t\t\t<span class=\"qtmplayer-art\">RNA<\/span>\n\t\t<\/p>\n\t<\/li>\n\t\t<\/ul>\n\t<\/div>\t\t\t\n\t\n<p>Fonte: RNA<\/p>\n","protected":false},"excerpt":{"rendered":"<p>O presidente do MPLA lamentou quinta-feira, 29 de Outubro, a deten\u00e7\u00e3o de jornalistas, ocorrida no \u00faltimo s\u00e1bado, quando procediam a cobertura de uma manifesta\u00e7\u00e3o frustrada pela Pol\u00edcia Nacional. Ao discursar na abertura da IV\u00aa sess\u00e3o ordin\u00e1ria do Comit\u00e9 Central do MPLA, Jo\u00e3o Louren\u00e7o, disse esperar que as deten\u00e7\u00f5es n\u00e3o voltem ...<\/p>\n","protected":false},"author":8,"featured_media":10105,"comment_status":"closed","ping_status":"closed","sticky":false,"template":"","format":"standard","meta":[],"categories":[142,164],"tags":[],"_links":{"self":[{"href":"https:\/\/rna.ao\/rna.ao\/wp-json\/wp\/v2\/posts\/10118"}],"collection":[{"href":"https:\/\/rna.ao\/rna.ao\/wp-json\/wp\/v2\/posts"}],"about":[{"href":"https:\/\/rna.ao\/rna.ao\/wp-json\/wp\/v2\/types\/post"}],"author":[{"embeddable":true,"href":"https:\/\/rna.ao\/rna.ao\/wp-json\/wp\/v2\/users\/8"}],"replies":[{"embeddable":true,"href":"https:\/\/rna.ao\/rna.ao\/wp-json\/wp\/v2\/comments?post=10118"}],"version-history":[{"count":1,"href":"https:\/\/rna.ao\/rna.ao\/wp-json\/wp\/v2\/posts\/10118\/revisions"}],"predecessor-version":[{"id":10120,"href":"https:\/\/rna.ao\/rna.ao\/wp-json\/wp\/v2\/posts\/10118\/revisions\/10120"}],"wp:featuredmedia":[{"embeddable":true,"href":"https:\/\/rna.ao\/rna.ao\/wp-json\/wp\/v2\/media\/10105"}],"wp:attachment":[{"href":"https:\/\/rna.ao\/rna.ao\/wp-json\/wp\/v2\/media?parent=10118"}],"wp:term":[{"taxonomy":"category","embeddable":true,"href":"https:\/\/rna.ao\/rna.ao\/wp-json\/wp\/v2\/categories?post=10118"},{"taxonomy":"post_tag","embeddable":true,"href":"https:\/\/rna.ao\/rna.ao\/wp-json\/wp\/v2\/tags?post=10118"}],"curies":[{"name":"wp","href":"https:\/\/api.w.org\/{rel}","templated":true}]}}