{"id":10107,"date":"2020-10-30T03:28:19","date_gmt":"2020-10-30T02:28:19","guid":{"rendered":"https:\/\/rna.ao\/rna.ao\/?p=10107"},"modified":"2020-10-30T03:28:19","modified_gmt":"2020-10-30T02:28:19","slug":"caso-manifestacao-jurista-reprova-solicitacao-feita-ao-pr-pela-casa-ce","status":"publish","type":"post","link":"https:\/\/rna.ao\/rna.ao\/2020\/10\/30\/caso-manifestacao-jurista-reprova-solicitacao-feita-ao-pr-pela-casa-ce\/","title":{"rendered":"Caso Manifesta\u00e7\u00e3o: Jurista reprova solicita\u00e7\u00e3o feita ao PR pela CASA \u2013 CE"},"content":{"rendered":"<p><img loading=\"lazy\" class=\"wp-image-10109 alignleft\" src=\"https:\/\/rna.ao\/rna.ao\/wp-content\/uploads\/2020\/10\/Albano-Pedro.jpeg\" alt=\"\" width=\"246\" height=\"246\" srcset=\"https:\/\/rna.ao\/rna.ao\/wp-content\/uploads\/2020\/10\/Albano-Pedro.jpeg 400w, https:\/\/rna.ao\/rna.ao\/wp-content\/uploads\/2020\/10\/Albano-Pedro-150x150.jpeg 150w, https:\/\/rna.ao\/rna.ao\/wp-content\/uploads\/2020\/10\/Albano-Pedro-100x100.jpeg 100w, https:\/\/rna.ao\/rna.ao\/wp-content\/uploads\/2020\/10\/Albano-Pedro-370x370.jpeg 370w\" sizes=\"(max-width: 246px) 100vw, 246px\" \/><\/p>\n<p>O jurista angolano, Albano Pedro (na foto), considera m\u00e1, a sugest\u00e3o da CASA \u2013 CE em solicitar a interven\u00e7\u00e3o do Chefe de Estado na liberta\u00e7\u00e3o dos manifestantes detidos, por terem perpetrado a manifesta\u00e7\u00e3o de s\u00e1bado \u00faltimo.<\/p>\n<p>Albano Pedro, que falava quinta-feira, 29\/10, \u00e0 RNA, em reac\u00e7\u00e3o \u00e0 solicita\u00e7\u00e3o, em confer\u00eancia de imprensa, da CASA- CE, n\u00e3o concorda com a posi\u00e7\u00e3o desta agremia\u00e7\u00e3o partid\u00e1ria, uma vez que s\u00e3o os pr\u00f3prios partidos pol\u00edticos que defendem a separa\u00e7\u00e3o de poderes entre o Executivo, o Legislativo e o Judicial.<\/p>\n<p>O jurista lembra ainda que \u00e9 neste esp\u00edrito Constitucional, dos partidos pol\u00edticos, que um poder n\u00e3o pode, e nem deve, se sobrepor ao outro. Clique no \u00e1udio, em baixo, e ou\u00e7a:<\/p>\n\t<div class=\"qtmplayer-playlist-large\">\n\t\t<ul class=\"qtmplayer-playlist\">\n\t\t\t\n\t\t\t\t\t<li class=\"qtmplayer-trackitem\">\n\t\t<img src=\"https:\/\/rna.ao\/rna.ao\/wp-content\/uploads\/2020\/10\/ALBANO-PEDRO-jurista-100x100.jpg\" alt=\"cover\">\t\t<span \t\t\tdata-qtmplayer-cover=\"https:\/\/rna.ao\/rna.ao\/wp-content\/uploads\/2020\/10\/ALBANO-PEDRO-jurista.jpg\"\n\t\t\t\t\t\tdata-qtmplayer-file=\"https:\/\/rna.ao\/rna.ao\/wp-content\/uploads\/2020\/10\/ALBANO-PEDRO.mp3\"\n\t\t\t\t\t\tdata-qtmplayer-title=\"Caso Manifesta\u00e7\u00e3o: Jurista reprova solicita\u00e7\u00e3o feita ao PR pela CASA \u2013 CE\"\n\t\t\t\t\t\tdata-qtmplayer-artist=\"RNA\"\n\t\t\t\t\t\tdata-qtmplayer-link=\"https:\/\/rna.ao\/rna.ao\/2020\/10\/30\/caso-manifestacao-jurista-reprova-solicitacao-feita-ao-pr-pela-casa-ce\/\"\n\t\t\t\t\t\tdata-qtmplayer-icon=\"file_download\"\n\t\t\t\t\t\tdata-qtmplayer-type=\"track\"\n\t\t\t class=\"qtmplayer-play qtmplayer-link-sec qtmplayer-play-btn\"><i class='material-icons'>play_arrow<\/i><\/span>\n\t\t<p>\n\t\t\t<span class=\"qtmplayer-tit\">Caso Manifesta\u00e7\u00e3o: Jurista reprova solicita\u00e7\u00e3o feita ao PR pela CASA \u2013 CE<\/span>\n\t\t\t<span class=\"qtmplayer-art\">RNA<\/span>\n\t\t<\/p>\n\t<\/li>\n\t\t<\/ul>\n\t<\/div>\t\t\t\n\t\n<p>Fonte: RNA<\/p>\n","protected":false},"excerpt":{"rendered":"<p>O jurista angolano, Albano Pedro (na foto), considera m\u00e1, a sugest\u00e3o da CASA \u2013 CE em solicitar a interven\u00e7\u00e3o do Chefe de Estado na liberta\u00e7\u00e3o dos manifestantes detidos, por terem perpetrado a manifesta\u00e7\u00e3o de s\u00e1bado \u00faltimo. Albano Pedro, que falava quinta-feira, 29\/10, \u00e0 RNA, em reac\u00e7\u00e3o \u00e0 solicita\u00e7\u00e3o, em confer\u00eancia ...<\/p>\n","protected":false},"author":8,"featured_media":10110,"comment_status":"closed","ping_status":"closed","sticky":false,"template":"","format":"standard","meta":[],"categories":[142,164],"tags":[],"_links":{"self":[{"href":"https:\/\/rna.ao\/rna.ao\/wp-json\/wp\/v2\/posts\/10107"}],"collection":[{"href":"https:\/\/rna.ao\/rna.ao\/wp-json\/wp\/v2\/posts"}],"about":[{"href":"https:\/\/rna.ao\/rna.ao\/wp-json\/wp\/v2\/types\/post"}],"author":[{"embeddable":true,"href":"https:\/\/rna.ao\/rna.ao\/wp-json\/wp\/v2\/users\/8"}],"replies":[{"embeddable":true,"href":"https:\/\/rna.ao\/rna.ao\/wp-json\/wp\/v2\/comments?post=10107"}],"version-history":[{"count":1,"href":"https:\/\/rna.ao\/rna.ao\/wp-json\/wp\/v2\/posts\/10107\/revisions"}],"predecessor-version":[{"id":10111,"href":"https:\/\/rna.ao\/rna.ao\/wp-json\/wp\/v2\/posts\/10107\/revisions\/10111"}],"wp:featuredmedia":[{"embeddable":true,"href":"https:\/\/rna.ao\/rna.ao\/wp-json\/wp\/v2\/media\/10110"}],"wp:attachment":[{"href":"https:\/\/rna.ao\/rna.ao\/wp-json\/wp\/v2\/media?parent=10107"}],"wp:term":[{"taxonomy":"category","embeddable":true,"href":"https:\/\/rna.ao\/rna.ao\/wp-json\/wp\/v2\/categories?post=10107"},{"taxonomy":"post_tag","embeddable":true,"href":"https:\/\/rna.ao\/rna.ao\/wp-json\/wp\/v2\/tags?post=10107"}],"curies":[{"name":"wp","href":"https:\/\/api.w.org\/{rel}","templated":true}]}}