{"id":10101,"date":"2020-10-30T03:21:10","date_gmt":"2020-10-30T02:21:10","guid":{"rendered":"https:\/\/rna.ao\/rna.ao\/?p=10101"},"modified":"2020-10-30T03:38:07","modified_gmt":"2020-10-30T02:38:07","slug":"governo-reitera-aposta-na-producao-interna-de-bens-de-consumo-agricola-e-industrial","status":"publish","type":"post","link":"https:\/\/rna.ao\/rna.ao\/2020\/10\/30\/governo-reitera-aposta-na-producao-interna-de-bens-de-consumo-agricola-e-industrial\/","title":{"rendered":"Governo reitera aposta na produ\u00e7\u00e3o interna de bens de consumo agr\u00edcola e industrial"},"content":{"rendered":"<p><img loading=\"lazy\" class=\"size-full wp-image-10105 alignleft\" src=\"https:\/\/rna.ao\/rna.ao\/wp-content\/uploads\/2020\/10\/JLO-FFF.jpg\" alt=\"\" width=\"320\" height=\"214\" \/><\/p>\n<p>O Governo do MPLA est\u00e1 apostado na produ\u00e7\u00e3o interna de bens e consumo agr\u00edcola e industrial, para aumentar a oferta interna e reduzir as importa\u00e7\u00f5es.<\/p>\n<p>A aposta foi reiterada quinta-feira, 29 de Outubro, em Luanda, pelo presidente do MPLA, Jo\u00e3o Louren\u00e7o, quando discursava na abertura da IV\u00aa sess\u00e3o ordin\u00e1ria do Comit\u00e9 Central do partido, tendo sublinhado que isso vai ajudar a mudar o actual quadro da economia angolana. Clique no \u00e1udio, em baixo, e ou\u00e7a:<\/p>\n\t<div class=\"qtmplayer-playlist-large\">\n\t\t<ul class=\"qtmplayer-playlist\">\n\t\t\t\n\t\t\t\t\t<li class=\"qtmplayer-trackitem\">\n\t\t<img src=\"https:\/\/rna.ao\/rna.ao\/wp-content\/uploads\/2020\/10\/camp-100x100.jpg\" alt=\"cover\">\t\t<span \t\t\tdata-qtmplayer-cover=\"https:\/\/rna.ao\/rna.ao\/wp-content\/uploads\/2020\/10\/camp.jpg\"\n\t\t\t\t\t\tdata-qtmplayer-file=\"https:\/\/rna.ao\/rna.ao\/wp-content\/uploads\/2020\/10\/JLO-4-BENS-AGRICOLAS.mp3\"\n\t\t\t\t\t\tdata-qtmplayer-title=\"Governo reitera aposta na produ\u00e7\u00e3o interna de bens de consumo agr\u00edcola e industrial\"\n\t\t\t\t\t\tdata-qtmplayer-artist=\"RNA\"\n\t\t\t\t\t\tdata-qtmplayer-link=\"https:\/\/rna.ao\/rna.ao\/2020\/10\/30\/governo-reitera-aposta-na-producao-interna-de-bens-de-consumo-agricola-e-industrial\/\"\n\t\t\t\t\t\tdata-qtmplayer-icon=\"file_download\"\n\t\t\t\t\t\tdata-qtmplayer-type=\"track\"\n\t\t\t class=\"qtmplayer-play qtmplayer-link-sec qtmplayer-play-btn\"><i class='material-icons'>play_arrow<\/i><\/span>\n\t\t<p>\n\t\t\t<span class=\"qtmplayer-tit\">Governo reitera aposta na produ\u00e7\u00e3o interna de bens de consumo agr\u00edcola e industrial<\/span>\n\t\t\t<span class=\"qtmplayer-art\">RNA<\/span>\n\t\t<\/p>\n\t<\/li>\n\t\t<\/ul>\n\t<\/div>\t\t\t\n\t\n<p>Fonte: RNA<\/p>\n","protected":false},"excerpt":{"rendered":"<p>O Governo do MPLA est\u00e1 apostado na produ\u00e7\u00e3o interna de bens e consumo agr\u00edcola e industrial, para aumentar a oferta interna e reduzir as importa\u00e7\u00f5es. A aposta foi reiterada quinta-feira, 29 de Outubro, em Luanda, pelo presidente do MPLA, Jo\u00e3o Louren\u00e7o, quando discursava na abertura da IV\u00aa sess\u00e3o ordin\u00e1ria do ...<\/p>\n","protected":false},"author":8,"featured_media":7385,"comment_status":"closed","ping_status":"closed","sticky":false,"template":"","format":"standard","meta":[],"categories":[142,164],"tags":[],"_links":{"self":[{"href":"https:\/\/rna.ao\/rna.ao\/wp-json\/wp\/v2\/posts\/10101"}],"collection":[{"href":"https:\/\/rna.ao\/rna.ao\/wp-json\/wp\/v2\/posts"}],"about":[{"href":"https:\/\/rna.ao\/rna.ao\/wp-json\/wp\/v2\/types\/post"}],"author":[{"embeddable":true,"href":"https:\/\/rna.ao\/rna.ao\/wp-json\/wp\/v2\/users\/8"}],"replies":[{"embeddable":true,"href":"https:\/\/rna.ao\/rna.ao\/wp-json\/wp\/v2\/comments?post=10101"}],"version-history":[{"count":1,"href":"https:\/\/rna.ao\/rna.ao\/wp-json\/wp\/v2\/posts\/10101\/revisions"}],"predecessor-version":[{"id":10106,"href":"https:\/\/rna.ao\/rna.ao\/wp-json\/wp\/v2\/posts\/10101\/revisions\/10106"}],"wp:featuredmedia":[{"embeddable":true,"href":"https:\/\/rna.ao\/rna.ao\/wp-json\/wp\/v2\/media\/7385"}],"wp:attachment":[{"href":"https:\/\/rna.ao\/rna.ao\/wp-json\/wp\/v2\/media?parent=10101"}],"wp:term":[{"taxonomy":"category","embeddable":true,"href":"https:\/\/rna.ao\/rna.ao\/wp-json\/wp\/v2\/categories?post=10101"},{"taxonomy":"post_tag","embeddable":true,"href":"https:\/\/rna.ao\/rna.ao\/wp-json\/wp\/v2\/tags?post=10101"}],"curies":[{"name":"wp","href":"https:\/\/api.w.org\/{rel}","templated":true}]}}