{"id":10099,"date":"2020-10-30T03:14:09","date_gmt":"2020-10-30T02:14:09","guid":{"rendered":"https:\/\/rna.ao\/rna.ao\/?p=10099"},"modified":"2020-10-30T06:35:25","modified_gmt":"2020-10-30T05:35:25","slug":"agricultura-comercial-bm-e-agencia-francesa-de-desenvolvimento-apoiam-iniciativas-de-angola","status":"publish","type":"post","link":"https:\/\/rna.ao\/rna.ao\/2020\/10\/30\/agricultura-comercial-bm-e-agencia-francesa-de-desenvolvimento-apoiam-iniciativas-de-angola\/","title":{"rendered":"Agricultura Comercial: BM e Ag\u00eancia francesa de desenvolvimento apoiam iniciativas de Angola"},"content":{"rendered":"<p><img loading=\"lazy\" class=\"wp-image-10102 alignleft\" src=\"https:\/\/rna.ao\/rna.ao\/wp-content\/uploads\/2020\/10\/Tractor-agricola-770x410.jpg\" alt=\"\" width=\"366\" height=\"195\" srcset=\"https:\/\/rna.ao\/rna.ao\/wp-content\/uploads\/2020\/10\/Tractor-agricola-770x410.jpg 770w, https:\/\/rna.ao\/rna.ao\/wp-content\/uploads\/2020\/10\/Tractor-agricola-768x409.jpg 768w, https:\/\/rna.ao\/rna.ao\/wp-content\/uploads\/2020\/10\/Tractor-agricola.jpg 845w\" sizes=\"(max-width: 366px) 100vw, 366px\" \/><\/p>\n<p>O Banco Mundial (BM) e a Ag\u00eancia Francesa de Desenvolvimento est\u00e3o a apoiar a iniciativa do Governo angolano, na promo\u00e7\u00e3o da agricultura comercial.<\/p>\n<p>O projecto tem como prop\u00f3sito aumentar a produtividade, e o acesso aos mercados de pequenas e m\u00e9dias empresas deste segmento produtivo.<\/p>\n<p>De acordo com o coordenador do projecto, Pedro Dossi, duzentos e trinta milh\u00f5es de d\u00f3lares est\u00e3o dispon\u00edveis, para a implementa\u00e7\u00e3o de ac\u00e7\u00f5es de agricultura comercial. Clique no \u00e1udio, em baixo, e ou\u00e7a:<\/p>\n\t<div class=\"qtmplayer-playlist-large\">\n\t\t<ul class=\"qtmplayer-playlist\">\n\t\t\t\n\t\t\t\t\t<li class=\"qtmplayer-trackitem\">\n\t\t<img src=\"https:\/\/rna.ao\/rna.ao\/wp-content\/uploads\/2020\/10\/Tractor-agricola-100x100.jpg\" alt=\"cover\">\t\t<span \t\t\tdata-qtmplayer-cover=\"https:\/\/rna.ao\/rna.ao\/wp-content\/uploads\/2020\/10\/Tractor-agricola-370x370.jpg\"\n\t\t\t\t\t\tdata-qtmplayer-file=\"https:\/\/rna.ao\/rna.ao\/wp-content\/uploads\/2020\/10\/PEDRO-DOSSI.mp3\"\n\t\t\t\t\t\tdata-qtmplayer-title=\"Agricultura Comercial: BM e Ag\u00eancia francesa de desenvolvimento apoiam iniciativas de Angola\"\n\t\t\t\t\t\tdata-qtmplayer-artist=\"RNA\"\n\t\t\t\t\t\tdata-qtmplayer-link=\"https:\/\/rna.ao\/rna.ao\/2020\/10\/30\/agricultura-comercial-bm-e-agencia-francesa-de-desenvolvimento-apoiam-iniciativas-de-angola\/\"\n\t\t\t\t\t\tdata-qtmplayer-icon=\"file_download\"\n\t\t\t\t\t\tdata-qtmplayer-type=\"track\"\n\t\t\t class=\"qtmplayer-play qtmplayer-link-sec qtmplayer-play-btn\"><i class='material-icons'>play_arrow<\/i><\/span>\n\t\t<p>\n\t\t\t<span class=\"qtmplayer-tit\">Agricultura Comercial: BM e Ag\u00eancia francesa de desenvolvimento apoiam iniciativas de Angola<\/span>\n\t\t\t<span class=\"qtmplayer-art\">RNA<\/span>\n\t\t<\/p>\n\t<\/li>\n\t\t<\/ul>\n\t<\/div>\t\t\t\n\t\n<p>Fonte: RNA<\/p>\n","protected":false},"excerpt":{"rendered":"<p>O Banco Mundial (BM) e a Ag\u00eancia Francesa de Desenvolvimento est\u00e3o a apoiar a iniciativa do Governo angolano, na promo\u00e7\u00e3o da agricultura comercial. O projecto tem como prop\u00f3sito aumentar a produtividade, e o acesso aos mercados de pequenas e m\u00e9dias empresas deste segmento produtivo. De acordo com o coordenador do ...<\/p>\n","protected":false},"author":8,"featured_media":10102,"comment_status":"closed","ping_status":"closed","sticky":false,"template":"","format":"standard","meta":[],"categories":[142,121],"tags":[],"_links":{"self":[{"href":"https:\/\/rna.ao\/rna.ao\/wp-json\/wp\/v2\/posts\/10099"}],"collection":[{"href":"https:\/\/rna.ao\/rna.ao\/wp-json\/wp\/v2\/posts"}],"about":[{"href":"https:\/\/rna.ao\/rna.ao\/wp-json\/wp\/v2\/types\/post"}],"author":[{"embeddable":true,"href":"https:\/\/rna.ao\/rna.ao\/wp-json\/wp\/v2\/users\/8"}],"replies":[{"embeddable":true,"href":"https:\/\/rna.ao\/rna.ao\/wp-json\/wp\/v2\/comments?post=10099"}],"version-history":[{"count":1,"href":"https:\/\/rna.ao\/rna.ao\/wp-json\/wp\/v2\/posts\/10099\/revisions"}],"predecessor-version":[{"id":10103,"href":"https:\/\/rna.ao\/rna.ao\/wp-json\/wp\/v2\/posts\/10099\/revisions\/10103"}],"wp:featuredmedia":[{"embeddable":true,"href":"https:\/\/rna.ao\/rna.ao\/wp-json\/wp\/v2\/media\/10102"}],"wp:attachment":[{"href":"https:\/\/rna.ao\/rna.ao\/wp-json\/wp\/v2\/media?parent=10099"}],"wp:term":[{"taxonomy":"category","embeddable":true,"href":"https:\/\/rna.ao\/rna.ao\/wp-json\/wp\/v2\/categories?post=10099"},{"taxonomy":"post_tag","embeddable":true,"href":"https:\/\/rna.ao\/rna.ao\/wp-json\/wp\/v2\/tags?post=10099"}],"curies":[{"name":"wp","href":"https:\/\/api.w.org\/{rel}","templated":true}]}}