{"id":10092,"date":"2020-10-30T03:06:18","date_gmt":"2020-10-30T02:06:18","guid":{"rendered":"https:\/\/rna.ao\/rna.ao\/?p=10092"},"modified":"2020-10-30T03:06:18","modified_gmt":"2020-10-30T02:06:18","slug":"comissao-politica-da-unita-reune-para-apreciar-situacao-politico-social-do-pais","status":"publish","type":"post","link":"https:\/\/rna.ao\/rna.ao\/2020\/10\/30\/comissao-politica-da-unita-reune-para-apreciar-situacao-politico-social-do-pais\/","title":{"rendered":"Comiss\u00e3o Pol\u00edtica da UNITA re\u00fane para apreciar situa\u00e7\u00e3o pol\u00edtico-social do pa\u00eds"},"content":{"rendered":"<p><img loading=\"lazy\" class=\"wp-image-10094 alignleft\" src=\"https:\/\/rna.ao\/rna.ao\/wp-content\/uploads\/2020\/10\/UNITA-CONGRESSO-770x433.jpg\" alt=\"\" width=\"320\" height=\"180\" srcset=\"https:\/\/rna.ao\/rna.ao\/wp-content\/uploads\/2020\/10\/UNITA-CONGRESSO-770x433.jpg 770w, https:\/\/rna.ao\/rna.ao\/wp-content\/uploads\/2020\/10\/UNITA-CONGRESSO-768x432.jpg 768w, https:\/\/rna.ao\/rna.ao\/wp-content\/uploads\/2020\/10\/UNITA-CONGRESSO.jpg 1024w\" sizes=\"(max-width: 320px) 100vw, 320px\" \/><\/p>\n<p>A Comiss\u00e3o Pol\u00edtica da UNITA re\u00fane esta sexta-feira, 30 de Outubro, em Lunda, para apreciar a situa\u00e7\u00e3o pol\u00edtico-social e econ\u00f3mica do pa\u00eds.<\/p>\n<p>A vida interna do maior partido da oposi\u00e7\u00e3o, em Angola, ser\u00e1 outro assunto da agenda da reuni\u00e3o, do partido do \u201cGalo Negro\u201d, que ser\u00e1 orientada pelo seu presidente Adalberto da Costa J\u00fanior. Clique no \u00e1udio, em baixo, e saiba mais na reportagem:<\/p>\n\t<div class=\"qtmplayer-playlist-large\">\n\t\t<ul class=\"qtmplayer-playlist\">\n\t\t\t\n\t\t\t\t\t<li class=\"qtmplayer-trackitem\">\n\t\t<img src=\"https:\/\/rna.ao\/rna.ao\/wp-content\/uploads\/2020\/10\/adalberto_junior-UNITA-100x100.jpg\" alt=\"cover\">\t\t<span \t\t\tdata-qtmplayer-cover=\"https:\/\/rna.ao\/rna.ao\/wp-content\/uploads\/2020\/10\/adalberto_junior-UNITA.jpg\"\n\t\t\t\t\t\tdata-qtmplayer-file=\"https:\/\/rna.ao\/rna.ao\/wp-content\/uploads\/2020\/10\/POLACO-PEDRO.mp3\"\n\t\t\t\t\t\tdata-qtmplayer-title=\"Comiss\u00e3o Pol\u00edtica da UNITA re\u00fane para apreciar situa\u00e7\u00e3o pol\u00edtico-social do pa\u00eds\"\n\t\t\t\t\t\tdata-qtmplayer-artist=\"RNA\"\n\t\t\t\t\t\tdata-qtmplayer-link=\"https:\/\/rna.ao\/rna.ao\/2020\/10\/30\/comissao-politica-da-unita-reune-para-apreciar-situacao-politico-social-do-pais\/\"\n\t\t\t\t\t\tdata-qtmplayer-icon=\"file_download\"\n\t\t\t\t\t\tdata-qtmplayer-type=\"track\"\n\t\t\t class=\"qtmplayer-play qtmplayer-link-sec qtmplayer-play-btn\"><i class='material-icons'>play_arrow<\/i><\/span>\n\t\t<p>\n\t\t\t<span class=\"qtmplayer-tit\">Comiss\u00e3o Pol\u00edtica da UNITA re\u00fane para apreciar situa\u00e7\u00e3o pol\u00edtico-social do pa\u00eds<\/span>\n\t\t\t<span class=\"qtmplayer-art\">RNA<\/span>\n\t\t<\/p>\n\t<\/li>\n\t\t<\/ul>\n\t<\/div>\t\t\t\n\t\n<p>Fonte: RNA \u2013 Jornalista Polaco Pedro<\/p>\n","protected":false},"excerpt":{"rendered":"<p>A Comiss\u00e3o Pol\u00edtica da UNITA re\u00fane esta sexta-feira, 30 de Outubro, em Lunda, para apreciar a situa\u00e7\u00e3o pol\u00edtico-social e econ\u00f3mica do pa\u00eds. A vida interna do maior partido da oposi\u00e7\u00e3o, em Angola, ser\u00e1 outro assunto da agenda da reuni\u00e3o, do partido do \u201cGalo Negro\u201d, que ser\u00e1 orientada pelo seu presidente ...<\/p>\n","protected":false},"author":8,"featured_media":10097,"comment_status":"closed","ping_status":"closed","sticky":false,"template":"","format":"standard","meta":[],"categories":[121,163],"tags":[],"_links":{"self":[{"href":"https:\/\/rna.ao\/rna.ao\/wp-json\/wp\/v2\/posts\/10092"}],"collection":[{"href":"https:\/\/rna.ao\/rna.ao\/wp-json\/wp\/v2\/posts"}],"about":[{"href":"https:\/\/rna.ao\/rna.ao\/wp-json\/wp\/v2\/types\/post"}],"author":[{"embeddable":true,"href":"https:\/\/rna.ao\/rna.ao\/wp-json\/wp\/v2\/users\/8"}],"replies":[{"embeddable":true,"href":"https:\/\/rna.ao\/rna.ao\/wp-json\/wp\/v2\/comments?post=10092"}],"version-history":[{"count":1,"href":"https:\/\/rna.ao\/rna.ao\/wp-json\/wp\/v2\/posts\/10092\/revisions"}],"predecessor-version":[{"id":10098,"href":"https:\/\/rna.ao\/rna.ao\/wp-json\/wp\/v2\/posts\/10092\/revisions\/10098"}],"wp:featuredmedia":[{"embeddable":true,"href":"https:\/\/rna.ao\/rna.ao\/wp-json\/wp\/v2\/media\/10097"}],"wp:attachment":[{"href":"https:\/\/rna.ao\/rna.ao\/wp-json\/wp\/v2\/media?parent=10092"}],"wp:term":[{"taxonomy":"category","embeddable":true,"href":"https:\/\/rna.ao\/rna.ao\/wp-json\/wp\/v2\/categories?post=10092"},{"taxonomy":"post_tag","embeddable":true,"href":"https:\/\/rna.ao\/rna.ao\/wp-json\/wp\/v2\/tags?post=10092"}],"curies":[{"name":"wp","href":"https:\/\/api.w.org\/{rel}","templated":true}]}}