{"id":10088,"date":"2020-10-30T02:50:59","date_gmt":"2020-10-30T01:50:59","guid":{"rendered":"https:\/\/rna.ao\/rna.ao\/?p=10088"},"modified":"2020-10-30T02:57:44","modified_gmt":"2020-10-30T01:57:44","slug":"defendido-dialogo-permanente-entre-as-forcas-politicas-no-pais","status":"publish","type":"post","link":"https:\/\/rna.ao\/rna.ao\/2020\/10\/30\/defendido-dialogo-permanente-entre-as-forcas-politicas-no-pais\/","title":{"rendered":"Defendido di\u00e1logo permanente entre as for\u00e7as pol\u00edticas no pa\u00eds"},"content":{"rendered":"<p><img loading=\"lazy\" class=\"wp-image-10090 alignleft\" src=\"https:\/\/rna.ao\/rna.ao\/wp-content\/uploads\/2020\/10\/Luis-Jimbo.jpg\" alt=\"\" width=\"335\" height=\"223\" \/><\/p>\n<p>O director do Instituto Angolano dos Sistemas Eleitorais e Democracia defende a cria\u00e7\u00e3o de um espa\u00e7o de di\u00e1logo permanente, entre o partido no poder e os demais partidos pol\u00edticos, para a resolu\u00e7\u00e3o dos grandes problemas do pa\u00eds.<\/p>\n<p>Lu\u00eds Jimbo (na foto) entende que o presidente do MPLA foi assertivo, no seu discurso, ao responsabilizar a UNITA, pelos dist\u00farbios do \u00faltimo s\u00e1bado, devido a responsabilidade que o partido do \u201cGalo Negro\u201d tem no pa\u00eds. Clique no \u00e1udio, em baixo, e ou\u00e7a:<\/p>\n\t<div class=\"qtmplayer-playlist-large\">\n\t\t<ul class=\"qtmplayer-playlist\">\n\t\t\t\n\t\t\t\t\t<li class=\"qtmplayer-trackitem\">\n\t\t<img src=\"https:\/\/rna.ao\/rna.ao\/wp-content\/uploads\/2020\/10\/Luis-Jimbo-1-100x100.jpg\" alt=\"cover\">\t\t<span \t\t\tdata-qtmplayer-cover=\"https:\/\/rna.ao\/rna.ao\/wp-content\/uploads\/2020\/10\/Luis-Jimbo-1.jpg\"\n\t\t\t\t\t\tdata-qtmplayer-file=\"https:\/\/rna.ao\/rna.ao\/wp-content\/uploads\/2020\/10\/WALDEMAR-MARCAL-2.mp3\"\n\t\t\t\t\t\tdata-qtmplayer-title=\"Defendido di\u00e1logo permanente entre as for\u00e7as pol\u00edticas no pa\u00eds\"\n\t\t\t\t\t\tdata-qtmplayer-artist=\"RNA\"\n\t\t\t\t\t\tdata-qtmplayer-link=\"https:\/\/rna.ao\/rna.ao\/2020\/10\/30\/defendido-dialogo-permanente-entre-as-forcas-politicas-no-pais\/\"\n\t\t\t\t\t\tdata-qtmplayer-icon=\"file_download\"\n\t\t\t\t\t\tdata-qtmplayer-type=\"track\"\n\t\t\t class=\"qtmplayer-play qtmplayer-link-sec qtmplayer-play-btn\"><i class='material-icons'>play_arrow<\/i><\/span>\n\t\t<p>\n\t\t\t<span class=\"qtmplayer-tit\">Defendido di\u00e1logo permanente entre as for\u00e7as pol\u00edticas no pa\u00eds<\/span>\n\t\t\t<span class=\"qtmplayer-art\">RNA<\/span>\n\t\t<\/p>\n\t<\/li>\n\t\t<\/ul>\n\t<\/div>\t\t\t\n\t\n<p>Fonte: RNA \u2013 Jornalista Waldemar Mar\u00e7al<\/p>\n","protected":false},"excerpt":{"rendered":"<p>O director do Instituto Angolano dos Sistemas Eleitorais e Democracia defende a cria\u00e7\u00e3o de um espa\u00e7o de di\u00e1logo permanente, entre o partido no poder e os demais partidos pol\u00edticos, para a resolu\u00e7\u00e3o dos grandes problemas do pa\u00eds. Lu\u00eds Jimbo (na foto) entende que o presidente do MPLA foi assertivo, no ...<\/p>\n","protected":false},"author":8,"featured_media":10095,"comment_status":"closed","ping_status":"closed","sticky":false,"template":"","format":"standard","meta":[],"categories":[121,163],"tags":[],"_links":{"self":[{"href":"https:\/\/rna.ao\/rna.ao\/wp-json\/wp\/v2\/posts\/10088"}],"collection":[{"href":"https:\/\/rna.ao\/rna.ao\/wp-json\/wp\/v2\/posts"}],"about":[{"href":"https:\/\/rna.ao\/rna.ao\/wp-json\/wp\/v2\/types\/post"}],"author":[{"embeddable":true,"href":"https:\/\/rna.ao\/rna.ao\/wp-json\/wp\/v2\/users\/8"}],"replies":[{"embeddable":true,"href":"https:\/\/rna.ao\/rna.ao\/wp-json\/wp\/v2\/comments?post=10088"}],"version-history":[{"count":1,"href":"https:\/\/rna.ao\/rna.ao\/wp-json\/wp\/v2\/posts\/10088\/revisions"}],"predecessor-version":[{"id":10091,"href":"https:\/\/rna.ao\/rna.ao\/wp-json\/wp\/v2\/posts\/10088\/revisions\/10091"}],"wp:featuredmedia":[{"embeddable":true,"href":"https:\/\/rna.ao\/rna.ao\/wp-json\/wp\/v2\/media\/10095"}],"wp:attachment":[{"href":"https:\/\/rna.ao\/rna.ao\/wp-json\/wp\/v2\/media?parent=10088"}],"wp:term":[{"taxonomy":"category","embeddable":true,"href":"https:\/\/rna.ao\/rna.ao\/wp-json\/wp\/v2\/categories?post=10088"},{"taxonomy":"post_tag","embeddable":true,"href":"https:\/\/rna.ao\/rna.ao\/wp-json\/wp\/v2\/tags?post=10088"}],"curies":[{"name":"wp","href":"https:\/\/api.w.org\/{rel}","templated":true}]}}