{"id":10079,"date":"2020-10-30T02:41:14","date_gmt":"2020-10-30T01:41:14","guid":{"rendered":"https:\/\/rna.ao\/rna.ao\/?p=10079"},"modified":"2020-10-30T02:41:14","modified_gmt":"2020-10-30T01:41:14","slug":"casa-ce-pede-intervencao-do-pr-na-libertacao-de-manifestantes-detidos","status":"publish","type":"post","link":"https:\/\/rna.ao\/rna.ao\/2020\/10\/30\/casa-ce-pede-intervencao-do-pr-na-libertacao-de-manifestantes-detidos\/","title":{"rendered":"CASA \u2013 CE pede interven\u00e7\u00e3o do PR na liberta\u00e7\u00e3o de manifestantes detidos"},"content":{"rendered":"<p><img loading=\"lazy\" class=\"size-full wp-image-10081 alignleft\" src=\"https:\/\/rna.ao\/rna.ao\/wp-content\/uploads\/2020\/10\/ANDRE-MENDES-CARVALHO.jpg\" alt=\"\" width=\"410\" height=\"260\" \/><\/p>\n<p>O Col\u00e9gio Presidencial da Casa \u2013 CE pede a interven\u00e7\u00e3o do Presidente da Rep\u00fablica na liberta\u00e7\u00e3o dos jovens detidos, que se manifestaram s\u00e1bado \u00faltimo, em Luanda.<\/p>\n<p>O pedido foi feito quinta-feira, 29 de Outubro, em Luanda, durante uma confer\u00eancia de imprensa, encabe\u00e7ada pelo presidente da CASA \u2013 CE, Andr\u00e9 Mendes de Carvalho (na foto). Clique no \u00e1udio, em baixo, e ou\u00e7a:<\/p>\n\t<div class=\"qtmplayer-playlist-large\">\n\t\t<ul class=\"qtmplayer-playlist\">\n\t\t\t\n\t\t\t\t\t<li class=\"qtmplayer-trackitem\">\n\t\t<img src=\"https:\/\/rna.ao\/rna.ao\/wp-content\/uploads\/2020\/10\/ANDRE-MENDES-CARVALHO-100x100.jpg\" alt=\"cover\">\t\t<span \t\t\tdata-qtmplayer-cover=\"https:\/\/rna.ao\/rna.ao\/wp-content\/uploads\/2020\/10\/ANDRE-MENDES-CARVALHO.jpg\"\n\t\t\t\t\t\tdata-qtmplayer-file=\"https:\/\/rna.ao\/rna.ao\/wp-content\/uploads\/2020\/10\/ANDRE-MENDES-DE-CARVALHO.mp3\"\n\t\t\t\t\t\tdata-qtmplayer-title=\"CASA \u2013 CE pede interven\u00e7\u00e3o do PR na liberta\u00e7\u00e3o de manifestantes detidos\"\n\t\t\t\t\t\tdata-qtmplayer-artist=\"RNA\"\n\t\t\t\t\t\tdata-qtmplayer-link=\"https:\/\/rna.ao\/rna.ao\/2020\/10\/30\/casa-ce-pede-intervencao-do-pr-na-libertacao-de-manifestantes-detidos\/\"\n\t\t\t\t\t\tdata-qtmplayer-icon=\"file_download\"\n\t\t\t\t\t\tdata-qtmplayer-type=\"track\"\n\t\t\t class=\"qtmplayer-play qtmplayer-link-sec qtmplayer-play-btn\"><i class='material-icons'>play_arrow<\/i><\/span>\n\t\t<p>\n\t\t\t<span class=\"qtmplayer-tit\">CASA \u2013 CE pede interven\u00e7\u00e3o do PR na liberta\u00e7\u00e3o de manifestantes detidos<\/span>\n\t\t\t<span class=\"qtmplayer-art\">RNA<\/span>\n\t\t<\/p>\n\t<\/li>\n\t\t<\/ul>\n\t<\/div>\t\t\t\n\t\n<p>Fonte: RNA<\/p>\n","protected":false},"excerpt":{"rendered":"<p>O Col\u00e9gio Presidencial da Casa \u2013 CE pede a interven\u00e7\u00e3o do Presidente da Rep\u00fablica na liberta\u00e7\u00e3o dos jovens detidos, que se manifestaram s\u00e1bado \u00faltimo, em Luanda. O pedido foi feito quinta-feira, 29 de Outubro, em Luanda, durante uma confer\u00eancia de imprensa, encabe\u00e7ada pelo presidente da CASA \u2013 CE, Andr\u00e9 Mendes ...<\/p>\n","protected":false},"author":8,"featured_media":10081,"comment_status":"closed","ping_status":"closed","sticky":false,"template":"","format":"standard","meta":[],"categories":[121,163],"tags":[],"_links":{"self":[{"href":"https:\/\/rna.ao\/rna.ao\/wp-json\/wp\/v2\/posts\/10079"}],"collection":[{"href":"https:\/\/rna.ao\/rna.ao\/wp-json\/wp\/v2\/posts"}],"about":[{"href":"https:\/\/rna.ao\/rna.ao\/wp-json\/wp\/v2\/types\/post"}],"author":[{"embeddable":true,"href":"https:\/\/rna.ao\/rna.ao\/wp-json\/wp\/v2\/users\/8"}],"replies":[{"embeddable":true,"href":"https:\/\/rna.ao\/rna.ao\/wp-json\/wp\/v2\/comments?post=10079"}],"version-history":[{"count":1,"href":"https:\/\/rna.ao\/rna.ao\/wp-json\/wp\/v2\/posts\/10079\/revisions"}],"predecessor-version":[{"id":10082,"href":"https:\/\/rna.ao\/rna.ao\/wp-json\/wp\/v2\/posts\/10079\/revisions\/10082"}],"wp:featuredmedia":[{"embeddable":true,"href":"https:\/\/rna.ao\/rna.ao\/wp-json\/wp\/v2\/media\/10081"}],"wp:attachment":[{"href":"https:\/\/rna.ao\/rna.ao\/wp-json\/wp\/v2\/media?parent=10079"}],"wp:term":[{"taxonomy":"category","embeddable":true,"href":"https:\/\/rna.ao\/rna.ao\/wp-json\/wp\/v2\/categories?post=10079"},{"taxonomy":"post_tag","embeddable":true,"href":"https:\/\/rna.ao\/rna.ao\/wp-json\/wp\/v2\/tags?post=10079"}],"curies":[{"name":"wp","href":"https:\/\/api.w.org\/{rel}","templated":true}]}}