{"id":10068,"date":"2020-10-30T02:17:38","date_gmt":"2020-10-30T01:17:38","guid":{"rendered":"https:\/\/rna.ao\/rna.ao\/?p=10068"},"modified":"2020-10-30T02:25:51","modified_gmt":"2020-10-30T01:25:51","slug":"unita-reivindica-tratamento-diferenciado-por-parte-do-chefe-de-estado","status":"publish","type":"post","link":"https:\/\/rna.ao\/rna.ao\/2020\/10\/30\/unita-reivindica-tratamento-diferenciado-por-parte-do-chefe-de-estado\/","title":{"rendered":"UNITA reivindica tratamento diferenciado por parte do Chefe de Estado"},"content":{"rendered":"<p>&nbsp;<\/p>\n<p><img loading=\"lazy\" class=\" wp-image-10071 alignleft\" src=\"https:\/\/rna.ao\/rna.ao\/wp-content\/uploads\/2020\/10\/CLARICE-KAPUTO-1.jpg\" alt=\"\" width=\"172\" height=\"256\" \/><\/p>\n<p>A UNITA reagiu ao pronunciamento do presidente do MPLA, que reprovou a participa\u00e7\u00e3o da maior for\u00e7a pol\u00edtica na manifesta\u00e7\u00e3o do \u00faltimo s\u00e1bado, e responsabilizou este partido cujas ac\u00e7\u00f5es podem comprometer o combate \u00e0 Covid-19.<\/p>\n<p>Clarice Kaputo (na foto), membro da Comiss\u00e3o Pol\u00edtica da UNITA, disse na quinta-feira, 29 de Outubro, que o presidente Jo\u00e3o Louren\u00e7o fez um tratamento diferenciado, comparativamente ao seu partido, que, por sinal, suporta o actual Governo.<\/p>\n<p>Clarice Kaputo disse que a UNITA entende que a aglomera\u00e7\u00e3o dos manifestantes, n\u00e3o foi um factor de cont\u00e1gio e propaga\u00e7\u00e3o da Covid-19. Clique no \u00e1udio, em baixo, e ou\u00e7a:<\/p>\n\t<div class=\"qtmplayer-playlist-large\">\n\t\t<ul class=\"qtmplayer-playlist\">\n\t\t\t\n\t\t\t\t\t<li class=\"qtmplayer-trackitem\">\n\t\t<img src=\"https:\/\/rna.ao\/rna.ao\/wp-content\/uploads\/2020\/10\/Bandeira-UNITA-100x100.jpg\" alt=\"cover\">\t\t<span \t\t\tdata-qtmplayer-cover=\"https:\/\/rna.ao\/rna.ao\/wp-content\/uploads\/2020\/10\/Bandeira-UNITA.jpg\"\n\t\t\t\t\t\tdata-qtmplayer-file=\"https:\/\/rna.ao\/rna.ao\/wp-content\/uploads\/2020\/10\/CLARICE-CAPUTO.mp3\"\n\t\t\t\t\t\tdata-qtmplayer-title=\"UNITA reivindica tratamento diferenciado por parte do Chefe de Estado\"\n\t\t\t\t\t\tdata-qtmplayer-artist=\"RNA\"\n\t\t\t\t\t\tdata-qtmplayer-link=\"https:\/\/rna.ao\/rna.ao\/2020\/10\/30\/unita-reivindica-tratamento-diferenciado-por-parte-do-chefe-de-estado\/\"\n\t\t\t\t\t\tdata-qtmplayer-icon=\"file_download\"\n\t\t\t\t\t\tdata-qtmplayer-type=\"track\"\n\t\t\t class=\"qtmplayer-play qtmplayer-link-sec qtmplayer-play-btn\"><i class='material-icons'>play_arrow<\/i><\/span>\n\t\t<p>\n\t\t\t<span class=\"qtmplayer-tit\">UNITA reivindica tratamento diferenciado por parte do Chefe de Estado<\/span>\n\t\t\t<span class=\"qtmplayer-art\">RNA<\/span>\n\t\t<\/p>\n\t<\/li>\n\t\t<\/ul>\n\t<\/div>\t\t\t\n\t\n<p>Fonte: RNA<\/p>\n","protected":false},"excerpt":{"rendered":"<p>&nbsp; A UNITA reagiu ao pronunciamento do presidente do MPLA, que reprovou a participa\u00e7\u00e3o da maior for\u00e7a pol\u00edtica na manifesta\u00e7\u00e3o do \u00faltimo s\u00e1bado, e responsabilizou este partido cujas ac\u00e7\u00f5es podem comprometer o combate \u00e0 Covid-19. Clarice Kaputo (na foto), membro da Comiss\u00e3o Pol\u00edtica da UNITA, disse na quinta-feira, 29 de ...<\/p>\n","protected":false},"author":8,"featured_media":10074,"comment_status":"closed","ping_status":"closed","sticky":false,"template":"","format":"standard","meta":[],"categories":[121,163],"tags":[],"_links":{"self":[{"href":"https:\/\/rna.ao\/rna.ao\/wp-json\/wp\/v2\/posts\/10068"}],"collection":[{"href":"https:\/\/rna.ao\/rna.ao\/wp-json\/wp\/v2\/posts"}],"about":[{"href":"https:\/\/rna.ao\/rna.ao\/wp-json\/wp\/v2\/types\/post"}],"author":[{"embeddable":true,"href":"https:\/\/rna.ao\/rna.ao\/wp-json\/wp\/v2\/users\/8"}],"replies":[{"embeddable":true,"href":"https:\/\/rna.ao\/rna.ao\/wp-json\/wp\/v2\/comments?post=10068"}],"version-history":[{"count":3,"href":"https:\/\/rna.ao\/rna.ao\/wp-json\/wp\/v2\/posts\/10068\/revisions"}],"predecessor-version":[{"id":10075,"href":"https:\/\/rna.ao\/rna.ao\/wp-json\/wp\/v2\/posts\/10068\/revisions\/10075"}],"wp:featuredmedia":[{"embeddable":true,"href":"https:\/\/rna.ao\/rna.ao\/wp-json\/wp\/v2\/media\/10074"}],"wp:attachment":[{"href":"https:\/\/rna.ao\/rna.ao\/wp-json\/wp\/v2\/media?parent=10068"}],"wp:term":[{"taxonomy":"category","embeddable":true,"href":"https:\/\/rna.ao\/rna.ao\/wp-json\/wp\/v2\/categories?post=10068"},{"taxonomy":"post_tag","embeddable":true,"href":"https:\/\/rna.ao\/rna.ao\/wp-json\/wp\/v2\/tags?post=10068"}],"curies":[{"name":"wp","href":"https:\/\/api.w.org\/{rel}","templated":true}]}}