{"id":10067,"date":"2020-10-30T02:34:46","date_gmt":"2020-10-30T01:34:46","guid":{"rendered":"https:\/\/rna.ao\/rna.ao\/?p=10067"},"modified":"2020-10-30T02:34:46","modified_gmt":"2020-10-30T01:34:46","slug":"presidente-do-mpla-responsabiliza-unita-pelo-seu-envolvimento-nas-manifestacoes","status":"publish","type":"post","link":"https:\/\/rna.ao\/rna.ao\/2020\/10\/30\/presidente-do-mpla-responsabiliza-unita-pelo-seu-envolvimento-nas-manifestacoes\/","title":{"rendered":"Presidente do MPLA responsabiliza UNITA pelo seu envolvimento nas manifesta\u00e7\u00f5es"},"content":{"rendered":"<p><img loading=\"lazy\" class=\"size-full wp-image-10077 alignleft\" src=\"https:\/\/rna.ao\/rna.ao\/wp-content\/uploads\/2020\/10\/JLO-1.jpg\" alt=\"\" width=\"330\" height=\"195\" \/><\/p>\n<p>O presidente do MPLA, partido que governa o pa\u00eds, reiterou o direito de manifesta\u00e7\u00e3o, consagrado na Constitui\u00e7\u00e3o da Rep\u00fablica de Angola.<\/p>\n<p>Jo\u00e3o Manuel Gon\u00e7alves Louren\u00e7o, que discursava quinta-feira, 29 de Outubro, na abertura da IV\u00aa sess\u00e3o ordin\u00e1ria do Comit\u00e9 Central do MPLA, condenou o acto de s\u00e1bado passado, realizado por alguns jovens, com o envolvimento directo da UNITA.<\/p>\n<p>O l\u00edder do MPLA reprovou a participa\u00e7\u00e3o da UNITA, nesta manifesta\u00e7\u00e3o, e responsabilizou este partido cujas ac\u00e7\u00f5es podem comprometer o combate \u00e0 Covid-19. Clique no \u00e1udio, em baixo, e ou\u00e7a:<\/p>\n\t<div class=\"qtmplayer-playlist-large\">\n\t\t<ul class=\"qtmplayer-playlist\">\n\t\t\t\n\t\t\t\t\t<li class=\"qtmplayer-trackitem\">\n\t\t<img src=\"https:\/\/rna.ao\/rna.ao\/wp-content\/uploads\/2020\/10\/JLO-1-100x100.jpg\" alt=\"cover\">\t\t<span \t\t\tdata-qtmplayer-cover=\"https:\/\/rna.ao\/rna.ao\/wp-content\/uploads\/2020\/10\/JLO-1.jpg\"\n\t\t\t\t\t\tdata-qtmplayer-file=\"https:\/\/rna.ao\/rna.ao\/wp-content\/uploads\/2020\/10\/JLO-2-UNITA.mp3\"\n\t\t\t\t\t\tdata-qtmplayer-title=\"Presidente do MPLA responsabiliza UNITA pelo seu envolvimento nas manifesta\u00e7\u00f5es\"\n\t\t\t\t\t\tdata-qtmplayer-artist=\"RNA\"\n\t\t\t\t\t\tdata-qtmplayer-link=\"https:\/\/rna.ao\/rna.ao\/2020\/10\/30\/presidente-do-mpla-responsabiliza-unita-pelo-seu-envolvimento-nas-manifestacoes\/\"\n\t\t\t\t\t\tdata-qtmplayer-icon=\"file_download\"\n\t\t\t\t\t\tdata-qtmplayer-type=\"track\"\n\t\t\t class=\"qtmplayer-play qtmplayer-link-sec qtmplayer-play-btn\"><i class='material-icons'>play_arrow<\/i><\/span>\n\t\t<p>\n\t\t\t<span class=\"qtmplayer-tit\">Presidente do MPLA responsabiliza UNITA pelo seu envolvimento nas manifesta\u00e7\u00f5es<\/span>\n\t\t\t<span class=\"qtmplayer-art\">RNA<\/span>\n\t\t<\/p>\n\t<\/li>\n\t\t<\/ul>\n\t<\/div>\t\t\t\n\t\n<p>Fonte: RNA<\/p>\n","protected":false},"excerpt":{"rendered":"<p>O presidente do MPLA, partido que governa o pa\u00eds, reiterou o direito de manifesta\u00e7\u00e3o, consagrado na Constitui\u00e7\u00e3o da Rep\u00fablica de Angola. Jo\u00e3o Manuel Gon\u00e7alves Louren\u00e7o, que discursava quinta-feira, 29 de Outubro, na abertura da IV\u00aa sess\u00e3o ordin\u00e1ria do Comit\u00e9 Central do MPLA, condenou o acto de s\u00e1bado passado, realizado por ...<\/p>\n","protected":false},"author":8,"featured_media":10077,"comment_status":"closed","ping_status":"closed","sticky":false,"template":"","format":"standard","meta":[],"categories":[121,163],"tags":[],"_links":{"self":[{"href":"https:\/\/rna.ao\/rna.ao\/wp-json\/wp\/v2\/posts\/10067"}],"collection":[{"href":"https:\/\/rna.ao\/rna.ao\/wp-json\/wp\/v2\/posts"}],"about":[{"href":"https:\/\/rna.ao\/rna.ao\/wp-json\/wp\/v2\/types\/post"}],"author":[{"embeddable":true,"href":"https:\/\/rna.ao\/rna.ao\/wp-json\/wp\/v2\/users\/8"}],"replies":[{"embeddable":true,"href":"https:\/\/rna.ao\/rna.ao\/wp-json\/wp\/v2\/comments?post=10067"}],"version-history":[{"count":1,"href":"https:\/\/rna.ao\/rna.ao\/wp-json\/wp\/v2\/posts\/10067\/revisions"}],"predecessor-version":[{"id":10078,"href":"https:\/\/rna.ao\/rna.ao\/wp-json\/wp\/v2\/posts\/10067\/revisions\/10078"}],"wp:featuredmedia":[{"embeddable":true,"href":"https:\/\/rna.ao\/rna.ao\/wp-json\/wp\/v2\/media\/10077"}],"wp:attachment":[{"href":"https:\/\/rna.ao\/rna.ao\/wp-json\/wp\/v2\/media?parent=10067"}],"wp:term":[{"taxonomy":"category","embeddable":true,"href":"https:\/\/rna.ao\/rna.ao\/wp-json\/wp\/v2\/categories?post=10067"},{"taxonomy":"post_tag","embeddable":true,"href":"https:\/\/rna.ao\/rna.ao\/wp-json\/wp\/v2\/tags?post=10067"}],"curies":[{"name":"wp","href":"https:\/\/api.w.org\/{rel}","templated":true}]}}