{"id":10027,"date":"2020-10-29T07:34:50","date_gmt":"2020-10-29T06:34:50","guid":{"rendered":"https:\/\/rna.ao\/rna.ao\/?p=10027"},"modified":"2020-10-29T07:34:50","modified_gmt":"2020-10-29T06:34:50","slug":"impostos-altos-encarecem-produtos-para-consumidores-em-angola","status":"publish","type":"post","link":"https:\/\/rna.ao\/rna.ao\/2020\/10\/29\/impostos-altos-encarecem-produtos-para-consumidores-em-angola\/","title":{"rendered":"Impostos altos encarecem produtos para consumidores em Angola"},"content":{"rendered":"<p><img loading=\"lazy\" class=\"size-full wp-image-9104 alignleft\" src=\"https:\/\/rna.ao\/rna.ao\/wp-content\/uploads\/2020\/10\/polind.jpg\" alt=\"\" width=\"405\" height=\"218\" \/>Produtores nacionais apelam a diminui\u00e7\u00e3o do Imposto Especial de Consumo, IEC, e o Imposto de Valor Acrescentado, IVA, bem como o ajuste de outros que est\u00e3o a provocar o encarecimento de alguns produtos, reportou a RNA, quinta-feira, 28\/10.<\/p>\n<p>Esta situa\u00e7\u00e3o, segundo as fabricantes que operam em Angola est\u00e1 a fazer com que o consumo da popula\u00e7\u00e3o diminua, algumas linhas de produ\u00e7\u00e3o sejam encerradas, e trabalhadores sejam dispensados, aumentando o desemprego.<\/p>\n<p>A Direc\u00e7\u00e3o da Associa\u00e7\u00e3o dos industriais de bebidas revelou \u00e0 Reportagem da RNA, que apesar da crise alguns empreendimentos que actuam no sector t\u00eam fugido o fisco, colocando em circula\u00e7\u00e3o bebidas \u00e0 pre\u00e7os mais baixos sem pagar as devidas taxas ao Estado.<\/p>\n<p>\u201cN\u00f3s \u00faltimos anos h\u00e1, realmente, uma redu\u00e7\u00e3o do poder de compra do consumidor final, mudam-se os h\u00e1bitos, tendo em conta este poder de compra\u2026com facto da desvaloriza\u00e7\u00e3o, porque tem havido ainda alguma mat\u00e9ria \u2013 prima que \u00e9 importada e que encarece tamb\u00e9m o produto final, disse \u00c1gata Russel, da referida Associa\u00e7\u00e3o.<\/p>\n","protected":false},"excerpt":{"rendered":"<p>Produtores nacionais apelam a diminui\u00e7\u00e3o do Imposto Especial de Consumo, IEC, e o Imposto de Valor Acrescentado, IVA, bem como o ajuste de outros que est\u00e3o a provocar o encarecimento de alguns produtos, reportou a RNA, quinta-feira, 28\/10. Esta situa\u00e7\u00e3o, segundo as fabricantes que operam em Angola est\u00e1 a fazer ...<\/p>\n","protected":false},"author":8,"featured_media":9104,"comment_status":"closed","ping_status":"closed","sticky":false,"template":"","format":"standard","meta":[],"categories":[141],"tags":[],"_links":{"self":[{"href":"https:\/\/rna.ao\/rna.ao\/wp-json\/wp\/v2\/posts\/10027"}],"collection":[{"href":"https:\/\/rna.ao\/rna.ao\/wp-json\/wp\/v2\/posts"}],"about":[{"href":"https:\/\/rna.ao\/rna.ao\/wp-json\/wp\/v2\/types\/post"}],"author":[{"embeddable":true,"href":"https:\/\/rna.ao\/rna.ao\/wp-json\/wp\/v2\/users\/8"}],"replies":[{"embeddable":true,"href":"https:\/\/rna.ao\/rna.ao\/wp-json\/wp\/v2\/comments?post=10027"}],"version-history":[{"count":1,"href":"https:\/\/rna.ao\/rna.ao\/wp-json\/wp\/v2\/posts\/10027\/revisions"}],"predecessor-version":[{"id":10028,"href":"https:\/\/rna.ao\/rna.ao\/wp-json\/wp\/v2\/posts\/10027\/revisions\/10028"}],"wp:featuredmedia":[{"embeddable":true,"href":"https:\/\/rna.ao\/rna.ao\/wp-json\/wp\/v2\/media\/9104"}],"wp:attachment":[{"href":"https:\/\/rna.ao\/rna.ao\/wp-json\/wp\/v2\/media?parent=10027"}],"wp:term":[{"taxonomy":"category","embeddable":true,"href":"https:\/\/rna.ao\/rna.ao\/wp-json\/wp\/v2\/categories?post=10027"},{"taxonomy":"post_tag","embeddable":true,"href":"https:\/\/rna.ao\/rna.ao\/wp-json\/wp\/v2\/tags?post=10027"}],"curies":[{"name":"wp","href":"https:\/\/api.w.org\/{rel}","templated":true}]}}