{"id":10019,"date":"2020-10-29T05:03:48","date_gmt":"2020-10-29T04:03:48","guid":{"rendered":"https:\/\/rna.ao\/rna.ao\/?p=10019"},"modified":"2020-10-29T05:03:48","modified_gmt":"2020-10-29T04:03:48","slug":"falha-defensiva-na-base-da-derrota-do-bravos-do-maqui","status":"publish","type":"post","link":"https:\/\/rna.ao\/rna.ao\/2020\/10\/29\/falha-defensiva-na-base-da-derrota-do-bravos-do-maqui\/","title":{"rendered":"Falha defensiva na base da derrota do Bravos do Maqui"},"content":{"rendered":"<p><img loading=\"lazy\" class=\"wp-image-10020 alignleft\" src=\"https:\/\/rna.ao\/rna.ao\/wp-content\/uploads\/2020\/10\/bravo_do_maqui.jpg\" alt=\"\" width=\"187\" height=\"164\" \/><\/p>\n<p>O t\u00e9cnico-adjunto do Futebol Clube Bravos do Maqui do Moxico, Pedro Jorge, disse que faltou concentra\u00e7\u00e3o, por parte dos jogadores, no desafio em que perdeu, por (3-1), diante do 1\u00ba de Agosto.<\/p>\n<p>Falando \u00e0 imprensa quarta-feira, 28\/10, no Est\u00e1dio 11 de Novembro, em Luanda, no final do quadrangular em que est\u00e3o inseridos, Pedro Jorge, disse que os golos que sofreram foram fruto de duas falhas defensivas. Clique no \u00e1udio, em baixo, e ou\u00e7a:<\/p>\n\t<div class=\"qtmplayer-playlist-large\">\n\t\t<ul class=\"qtmplayer-playlist\">\n\t\t\t\n\t\t\t\t\t<li class=\"qtmplayer-trackitem\">\n\t\t<img src=\"https:\/\/rna.ao\/rna.ao\/wp-content\/uploads\/2020\/10\/bravo_do_maqui-100x100.jpg\" alt=\"cover\">\t\t<span \t\t\tdata-qtmplayer-cover=\"https:\/\/rna.ao\/rna.ao\/wp-content\/uploads\/2020\/10\/bravo_do_maqui.jpg\"\n\t\t\t\t\t\tdata-qtmplayer-file=\"https:\/\/rna.ao\/rna.ao\/wp-content\/uploads\/2020\/10\/PEDRO-JORGE.mp3\"\n\t\t\t\t\t\tdata-qtmplayer-title=\"Falha defensiva na base da derrota do Bravos do Maqui\"\n\t\t\t\t\t\tdata-qtmplayer-artist=\"RNA\"\n\t\t\t\t\t\tdata-qtmplayer-link=\"https:\/\/rna.ao\/rna.ao\/2020\/10\/29\/falha-defensiva-na-base-da-derrota-do-bravos-do-maqui\/\"\n\t\t\t\t\t\tdata-qtmplayer-icon=\"file_download\"\n\t\t\t\t\t\tdata-qtmplayer-type=\"track\"\n\t\t\t class=\"qtmplayer-play qtmplayer-link-sec qtmplayer-play-btn\"><i class='material-icons'>play_arrow<\/i><\/span>\n\t\t<p>\n\t\t\t<span class=\"qtmplayer-tit\">Falha defensiva na base da derrota do Bravos do Maqui<\/span>\n\t\t\t<span class=\"qtmplayer-art\">RNA<\/span>\n\t\t<\/p>\n\t<\/li>\n\t\t<\/ul>\n\t<\/div>\t\t\t\n\t\n<p>Fonte: R\u00e1dio 5\/RNA<\/p>\n","protected":false},"excerpt":{"rendered":"<p>O t\u00e9cnico-adjunto do Futebol Clube Bravos do Maqui do Moxico, Pedro Jorge, disse que faltou concentra\u00e7\u00e3o, por parte dos jogadores, no desafio em que perdeu, por (3-1), diante do 1\u00ba de Agosto. Falando \u00e0 imprensa quarta-feira, 28\/10, no Est\u00e1dio 11 de Novembro, em Luanda, no final do quadrangular em que ...<\/p>\n","protected":false},"author":8,"featured_media":10020,"comment_status":"closed","ping_status":"closed","sticky":false,"template":"","format":"standard","meta":[],"categories":[145,125],"tags":[],"_links":{"self":[{"href":"https:\/\/rna.ao\/rna.ao\/wp-json\/wp\/v2\/posts\/10019"}],"collection":[{"href":"https:\/\/rna.ao\/rna.ao\/wp-json\/wp\/v2\/posts"}],"about":[{"href":"https:\/\/rna.ao\/rna.ao\/wp-json\/wp\/v2\/types\/post"}],"author":[{"embeddable":true,"href":"https:\/\/rna.ao\/rna.ao\/wp-json\/wp\/v2\/users\/8"}],"replies":[{"embeddable":true,"href":"https:\/\/rna.ao\/rna.ao\/wp-json\/wp\/v2\/comments?post=10019"}],"version-history":[{"count":1,"href":"https:\/\/rna.ao\/rna.ao\/wp-json\/wp\/v2\/posts\/10019\/revisions"}],"predecessor-version":[{"id":10022,"href":"https:\/\/rna.ao\/rna.ao\/wp-json\/wp\/v2\/posts\/10019\/revisions\/10022"}],"wp:featuredmedia":[{"embeddable":true,"href":"https:\/\/rna.ao\/rna.ao\/wp-json\/wp\/v2\/media\/10020"}],"wp:attachment":[{"href":"https:\/\/rna.ao\/rna.ao\/wp-json\/wp\/v2\/media?parent=10019"}],"wp:term":[{"taxonomy":"category","embeddable":true,"href":"https:\/\/rna.ao\/rna.ao\/wp-json\/wp\/v2\/categories?post=10019"},{"taxonomy":"post_tag","embeddable":true,"href":"https:\/\/rna.ao\/rna.ao\/wp-json\/wp\/v2\/tags?post=10019"}],"curies":[{"name":"wp","href":"https:\/\/api.w.org\/{rel}","templated":true}]}}