{"id":10008,"date":"2020-10-29T03:40:15","date_gmt":"2020-10-29T02:40:15","guid":{"rendered":"https:\/\/rna.ao\/rna.ao\/?p=10008"},"modified":"2020-10-29T03:40:15","modified_gmt":"2020-10-29T02:40:15","slug":"adra-propoe-como-prioridade-no-piim-a-construcao-de-estradas","status":"publish","type":"post","link":"https:\/\/rna.ao\/rna.ao\/2020\/10\/29\/adra-propoe-como-prioridade-no-piim-a-construcao-de-estradas\/","title":{"rendered":"ADRA prop\u00f5e como prioridade no PIIM a constru\u00e7\u00e3o de estradas"},"content":{"rendered":"<p><img loading=\"lazy\" class=\"wp-image-9894 alignleft\" src=\"https:\/\/rna.ao\/rna.ao\/wp-content\/uploads\/2020\/10\/Carlos-Cambuta-ADRA.jpg\" alt=\"\" width=\"297\" height=\"220\" \/><\/p>\n<p>A A\u00e7\u00e3o para o Desenvolvimento Rural e Ambiente (ADRA) \u00e9 de opini\u00e3o que o Plano Integrado de Interven\u00e7\u00e3o nos Munic\u00edpios (PIIM) deve implementar, nos seus projectos priorit\u00e1rios, a constru\u00e7\u00e3o e reabilita\u00e7\u00e3o das estradas.<\/p>\n<p>Para Carlos Cambuta, representante da ADRA, com esta aposta o Governo vai animar a produ\u00e7\u00e3o agr\u00edcola e o desenvolvimento das regi\u00f5es. Clique no \u00e1udio, em baixo, e ou\u00e7a:<\/p>\n\t<div class=\"qtmplayer-playlist-large\">\n\t\t<ul class=\"qtmplayer-playlist\">\n\t\t\t\n\t\t\t\t\t<li class=\"qtmplayer-trackitem\">\n\t\t<img src=\"https:\/\/rna.ao\/rna.ao\/wp-content\/uploads\/2020\/10\/Carlos-Cambuta-ADRA-100x100.jpg\" alt=\"cover\">\t\t<span \t\t\tdata-qtmplayer-cover=\"https:\/\/rna.ao\/rna.ao\/wp-content\/uploads\/2020\/10\/Carlos-Cambuta-ADRA.jpg\"\n\t\t\t\t\t\tdata-qtmplayer-file=\"https:\/\/rna.ao\/rna.ao\/wp-content\/uploads\/2020\/10\/CARLOS-CAMBUTA-1.mp3\"\n\t\t\t\t\t\tdata-qtmplayer-title=\"ADRA prop\u00f5e como prioridade no PIIM a constru\u00e7\u00e3o de estradas\"\n\t\t\t\t\t\tdata-qtmplayer-artist=\"RNA\"\n\t\t\t\t\t\tdata-qtmplayer-link=\"https:\/\/rna.ao\/rna.ao\/2020\/10\/29\/adra-propoe-como-prioridade-no-piim-a-construcao-de-estradas\/\"\n\t\t\t\t\t\tdata-qtmplayer-icon=\"file_download\"\n\t\t\t\t\t\tdata-qtmplayer-type=\"track\"\n\t\t\t class=\"qtmplayer-play qtmplayer-link-sec qtmplayer-play-btn\"><i class='material-icons'>play_arrow<\/i><\/span>\n\t\t<p>\n\t\t\t<span class=\"qtmplayer-tit\">ADRA prop\u00f5e como prioridade no PIIM a constru\u00e7\u00e3o de estradas<\/span>\n\t\t\t<span class=\"qtmplayer-art\">RNA<\/span>\n\t\t<\/p>\n\t<\/li>\n\t\t<\/ul>\n\t<\/div>\t\t\t\n\t\n<p>Fonte: RNA<\/p>\n","protected":false},"excerpt":{"rendered":"<p>A A\u00e7\u00e3o para o Desenvolvimento Rural e Ambiente (ADRA) \u00e9 de opini\u00e3o que o Plano Integrado de Interven\u00e7\u00e3o nos Munic\u00edpios (PIIM) deve implementar, nos seus projectos priorit\u00e1rios, a constru\u00e7\u00e3o e reabilita\u00e7\u00e3o das estradas. Para Carlos Cambuta, representante da ADRA, com esta aposta o Governo vai animar a produ\u00e7\u00e3o agr\u00edcola e ...<\/p>\n","protected":false},"author":8,"featured_media":9894,"comment_status":"closed","ping_status":"closed","sticky":false,"template":"","format":"standard","meta":[],"categories":[121,164],"tags":[],"_links":{"self":[{"href":"https:\/\/rna.ao\/rna.ao\/wp-json\/wp\/v2\/posts\/10008"}],"collection":[{"href":"https:\/\/rna.ao\/rna.ao\/wp-json\/wp\/v2\/posts"}],"about":[{"href":"https:\/\/rna.ao\/rna.ao\/wp-json\/wp\/v2\/types\/post"}],"author":[{"embeddable":true,"href":"https:\/\/rna.ao\/rna.ao\/wp-json\/wp\/v2\/users\/8"}],"replies":[{"embeddable":true,"href":"https:\/\/rna.ao\/rna.ao\/wp-json\/wp\/v2\/comments?post=10008"}],"version-history":[{"count":1,"href":"https:\/\/rna.ao\/rna.ao\/wp-json\/wp\/v2\/posts\/10008\/revisions"}],"predecessor-version":[{"id":10010,"href":"https:\/\/rna.ao\/rna.ao\/wp-json\/wp\/v2\/posts\/10008\/revisions\/10010"}],"wp:featuredmedia":[{"embeddable":true,"href":"https:\/\/rna.ao\/rna.ao\/wp-json\/wp\/v2\/media\/9894"}],"wp:attachment":[{"href":"https:\/\/rna.ao\/rna.ao\/wp-json\/wp\/v2\/media?parent=10008"}],"wp:term":[{"taxonomy":"category","embeddable":true,"href":"https:\/\/rna.ao\/rna.ao\/wp-json\/wp\/v2\/categories?post=10008"},{"taxonomy":"post_tag","embeddable":true,"href":"https:\/\/rna.ao\/rna.ao\/wp-json\/wp\/v2\/tags?post=10008"}],"curies":[{"name":"wp","href":"https:\/\/api.w.org\/{rel}","templated":true}]}}