{"id":10003,"date":"2020-10-29T03:27:44","date_gmt":"2020-10-29T02:27:44","guid":{"rendered":"https:\/\/rna.ao\/rna.ao\/?p=10003"},"modified":"2020-10-29T08:54:27","modified_gmt":"2020-10-29T07:54:27","slug":"covid-19-pais-regista-263-novos-casos-e-quatro-obitos","status":"publish","type":"post","link":"https:\/\/rna.ao\/rna.ao\/2020\/10\/29\/covid-19-pais-regista-263-novos-casos-e-quatro-obitos\/","title":{"rendered":"Covid-19: Pa\u00eds regista 203 novos casos e quatro \u00f3bitos"},"content":{"rendered":"<p><img loading=\"lazy\" class=\"wp-image-9904 alignleft\" src=\"https:\/\/rna.ao\/rna.ao\/wp-content\/uploads\/2020\/10\/Franco-Mufinda-222.jpg\" alt=\"\" width=\"333\" height=\"222\" \/><\/p>\n<p>O pa\u00eds registou quarta-feira, 28 de Outubro, mais duzentos e tr\u00eas casos positivos de coronav\u00edrus, nas \u00faltimas 24 horas, e quatro pessoas foram a \u00f3bitos.<\/p>\n<p>Os quatro \u00f3bitos registados s\u00e3o todos na capital do pa\u00eds, enquanto dos 203 novos casos, 167 foram em Luanda, 25 em Benguela, 10 no U\u00edge, e um na Lunda-Norte.<\/p>\n<p>No habitual ponto de situa\u00e7\u00e3o sobre a evolu\u00e7\u00e3o da doen\u00e7a, o Secret\u00e1rio de Estado para a Sa\u00fade p\u00fablica, Franco Mufinda, revelou ainda que 49 pessoas recuperaram da doen\u00e7a, nas \u00faltimas 24 horas. Clique no \u00e1udio, em baixo, e ou\u00e7a:<\/p>\n\t<div class=\"qtmplayer-playlist-large\">\n\t\t<ul class=\"qtmplayer-playlist\">\n\t\t\t\n\t\t\t\t\t<li class=\"qtmplayer-trackitem\">\n\t\t<img src=\"https:\/\/rna.ao\/rna.ao\/wp-content\/uploads\/2020\/10\/Franco-Mufinda-SE-100x100.jpg\" alt=\"cover\">\t\t<span \t\t\tdata-qtmplayer-cover=\"https:\/\/rna.ao\/rna.ao\/wp-content\/uploads\/2020\/10\/Franco-Mufinda-SE.jpg\"\n\t\t\t\t\t\tdata-qtmplayer-file=\"https:\/\/rna.ao\/rna.ao\/wp-content\/uploads\/2020\/10\/FRANCO-MUFINDA-2.mp3\"\n\t\t\t\t\t\tdata-qtmplayer-title=\"Covid-19: Pa\u00eds regista 203 novos casos e quatro \u00f3bitos\"\n\t\t\t\t\t\tdata-qtmplayer-artist=\"RNA\"\n\t\t\t\t\t\tdata-qtmplayer-link=\"https:\/\/rna.ao\/rna.ao\/2020\/10\/29\/covid-19-pais-regista-263-novos-casos-e-quatro-obitos\/\"\n\t\t\t\t\t\tdata-qtmplayer-icon=\"file_download\"\n\t\t\t\t\t\tdata-qtmplayer-type=\"track\"\n\t\t\t class=\"qtmplayer-play qtmplayer-link-sec qtmplayer-play-btn\"><i class='material-icons'>play_arrow<\/i><\/span>\n\t\t<p>\n\t\t\t<span class=\"qtmplayer-tit\">Covid-19: Pa\u00eds regista 203 novos casos e quatro \u00f3bitos<\/span>\n\t\t\t<span class=\"qtmplayer-art\">RNA<\/span>\n\t\t<\/p>\n\t<\/li>\n\t\t<\/ul>\n\t<\/div>\t\t\t\n\t\n<p>Fonte: RNA<\/p>\n","protected":false},"excerpt":{"rendered":"<p>O pa\u00eds registou quarta-feira, 28 de Outubro, mais duzentos e tr\u00eas casos positivos de coronav\u00edrus, nas \u00faltimas 24 horas, e quatro pessoas foram a \u00f3bitos. Os quatro \u00f3bitos registados s\u00e3o todos na capital do pa\u00eds, enquanto dos 203 novos casos, 167 foram em Luanda, 25 em Benguela, 10 no U\u00edge, ...<\/p>\n","protected":false},"author":8,"featured_media":10007,"comment_status":"closed","ping_status":"closed","sticky":false,"template":"","format":"standard","meta":[],"categories":[121,141,164],"tags":[],"_links":{"self":[{"href":"https:\/\/rna.ao\/rna.ao\/wp-json\/wp\/v2\/posts\/10003"}],"collection":[{"href":"https:\/\/rna.ao\/rna.ao\/wp-json\/wp\/v2\/posts"}],"about":[{"href":"https:\/\/rna.ao\/rna.ao\/wp-json\/wp\/v2\/types\/post"}],"author":[{"embeddable":true,"href":"https:\/\/rna.ao\/rna.ao\/wp-json\/wp\/v2\/users\/8"}],"replies":[{"embeddable":true,"href":"https:\/\/rna.ao\/rna.ao\/wp-json\/wp\/v2\/comments?post=10003"}],"version-history":[{"count":2,"href":"https:\/\/rna.ao\/rna.ao\/wp-json\/wp\/v2\/posts\/10003\/revisions"}],"predecessor-version":[{"id":10034,"href":"https:\/\/rna.ao\/rna.ao\/wp-json\/wp\/v2\/posts\/10003\/revisions\/10034"}],"wp:featuredmedia":[{"embeddable":true,"href":"https:\/\/rna.ao\/rna.ao\/wp-json\/wp\/v2\/media\/10007"}],"wp:attachment":[{"href":"https:\/\/rna.ao\/rna.ao\/wp-json\/wp\/v2\/media?parent=10003"}],"wp:term":[{"taxonomy":"category","embeddable":true,"href":"https:\/\/rna.ao\/rna.ao\/wp-json\/wp\/v2\/categories?post=10003"},{"taxonomy":"post_tag","embeddable":true,"href":"https:\/\/rna.ao\/rna.ao\/wp-json\/wp\/v2\/tags?post=10003"}],"curies":[{"name":"wp","href":"https:\/\/api.w.org\/{rel}","templated":true}]}}